{"id":35,"date":"2005-09-22T21:06:00","date_gmt":"2005-09-22T21:06:00","guid":{"rendered":"http:\/\/lavigilanta.info\/wordpress\/?p=35"},"modified":"2005-09-22T21:06:00","modified_gmt":"2005-09-22T21:06:00","slug":"rueda-de-prensa-ue-sobre-data-retention-21-sept-2005","status":"publish","type":"post","link":"https:\/\/lavigilanta.info\/?p=35","title":{"rendered":"Rueda de prensa UE sobre Data Retention (21 Sept 2005)"},"content":{"rendered":"<p>Quien se la quiera leer \u00edntegra, ah\u00ed va el <a href=\"http:\/\/europa.eu.int\/rapid\/start\/cgi\/guesten.ksh?p_action.gettxt=gt&#038;doc=IP\/05\/1167|0|RAPID&#038;lg=EN\">link<\/a>.<\/p>\n<p>Pero para que quede una muestra de la BRUTAL CANTIDAD DE DEMOCRACIA QUE NOS RIGE A LOS EUROPEOS, copio \u00abliteral\u00bb este cachito del an\u00e1lisis que la <a href=\"http:\/\/www.edri.org\">EDRI<\/a> hace.<\/p>\n<p><em>\u00abIn this procedure, the national parliaments are completely excluded and the European Parliament only has a so-called right of scrutiny. If the EP feels a proposed measure \u00abwould exceed the implementing powers provided for in the basic instrument\u00bb, the Commission must re-examine its proposal, but can completely ignore the protest from the EP.\u00bb<\/em><\/p>\n<p>Pues hale. Ah\u00ed queda eso: que si a la Comisi\u00f3n le da por aprobar la normativa de retenci\u00f3n de datos, ni los parlamentos de cada pa\u00eds ni los parlamentarios del europeo tendr\u00e1n potestad de echarla atr\u00e1s. Se podr\u00e1n quejar, pero no podr\u00e1n evitarlo. No olviden, amiguitos, que nosotros los ciudadanos a quien podemos votar es a los parlamentarios, \u00a1pero no a la \u00abComisi\u00f3n\u00bb! El pr\u00f3ximo post, la campa\u00f1a informativa \u00abpa&#8217;ciudadanos de a pie\u00bb de CPRS-Spain.<\/p>\n","protected":false},"excerpt":{"rendered":"<p>Quien se la quiera leer \u00edntegra, ah\u00ed va el link. Pero para que quede una muestra de la BRUTAL CANTIDAD DE DEMOCRACIA QUE NOS RIGE A LOS EUROPEOS, copio \u00abliteral\u00bb este cachito del an\u00e1lisis que la EDRI hace. \u00abIn this procedure, the national parliaments are completely excluded and the European Parliament only has a so-called &hellip; <a href=\"https:\/\/lavigilanta.info\/?p=35\" class=\"more-link\">Seguir leyendo <span class=\"screen-reader-text\">Rueda de prensa UE sobre Data Retention (21 Sept 2005)<\/span> <span class=\"meta-nav\">&rarr;<\/span><\/a><\/p>\n","protected":false},"author":2,"featured_media":0,"comment_status":"open","ping_status":"open","sticky":false,"template":"","format":"standard","meta":[],"categories":[1],"tags":[],"_links":{"self":[{"href":"https:\/\/lavigilanta.info\/index.php?rest_route=\/wp\/v2\/posts\/35"}],"collection":[{"href":"https:\/\/lavigilanta.info\/index.php?rest_route=\/wp\/v2\/posts"}],"about":[{"href":"https:\/\/lavigilanta.info\/index.php?rest_route=\/wp\/v2\/types\/post"}],"author":[{"embeddable":true,"href":"https:\/\/lavigilanta.info\/index.php?rest_route=\/wp\/v2\/users\/2"}],"replies":[{"embeddable":true,"href":"https:\/\/lavigilanta.info\/index.php?rest_route=%2Fwp%2Fv2%2Fcomments&post=35"}],"version-history":[{"count":0,"href":"https:\/\/lavigilanta.info\/index.php?rest_route=\/wp\/v2\/posts\/35\/revisions"}],"wp:attachment":[{"href":"https:\/\/lavigilanta.info\/index.php?rest_route=%2Fwp%2Fv2%2Fmedia&parent=35"}],"wp:term":[{"taxonomy":"category","embeddable":true,"href":"https:\/\/lavigilanta.info\/index.php?rest_route=%2Fwp%2Fv2%2Fcategories&post=35"},{"taxonomy":"post_tag","embeddable":true,"href":"https:\/\/lavigilanta.info\/index.php?rest_route=%2Fwp%2Fv2%2Ftags&post=35"}],"curies":[{"name":"wp","href":"https:\/\/api.w.org\/{rel}","templated":true}]}}