{"id":346,"date":"2007-01-28T21:42:00","date_gmt":"2007-01-28T21:42:00","guid":{"rendered":"http:\/\/lavigilanta.info\/wordpress\/?p=346"},"modified":"2007-01-28T21:42:00","modified_gmt":"2007-01-28T21:42:00","slug":"felicidades-hoy-es-el-dia-europeo-de-la-proteccion-de-datos","status":"publish","type":"post","link":"https:\/\/lavigilanta.info\/?p=346","title":{"rendered":"Felicidades! Hoy es el D\u00eda Europeo de la Protecci\u00f3n de Datos"},"content":{"rendered":"<p><a href=\"http:\/\/bp1.blogger.com\/_JJGCxDPmQyc\/Rb0alW-5JoI\/AAAAAAAAAEM\/6nIecJXIXbk\/s1600-h\/dia+europeo+proteccion+datos.JPG\"><img decoding=\"async\" style=\"cursor:pointer; cursor:hand;\" src=\"http:\/\/bp1.blogger.com\/_JJGCxDPmQyc\/Rb0alW-5JoI\/AAAAAAAAAEM\/6nIecJXIXbk\/s320\/dia+europeo+proteccion+datos.JPG\" border=\"0\" alt=\"\"id=\"BLOGGER_PHOTO_ID_5025201988342195842\" \/><\/a><br \/>No, no es co\u00f1a.<\/p>\n<p>El Consejo Europeo y la Comisi\u00f3n Europea han impulsado la celebraci\u00f3n del D\u00eda Europeo de la Protecci\u00f3n de Datos, con el loable objetivo de difundir entre los ciudadanos el conocimiento de sus derechos con respecto a su vida privada, y sus responsabilidades en la materia.<\/p>\n<p><a href=\"http:\/\/www.agpd.es\/\">La Agencia Espa\u00f1ola de Protecci\u00f3n de Datos<\/a> ha decidido dedicar la celebraci\u00f3n de este a\u00f1o a intentar concienciar a los adolescentes de la importancia de su privacidad. El lema de esta acci\u00f3n ha sido \u00abNo des tus datos en internet ni en un papel sin saber para qu\u00e9 se van a utilizar\u00bb.<\/p>\n<p>Hoy es el d\u00eda: 28 de enero. Para m\u00e1s informaci\u00f3n, esta es la <a href=\"https:\/\/www.agpd.es\/index.php?idSeccion=614\">sosa, sos\u00edsima p\u00e1gina que la AEPD ha dedicado a la efem\u00e9ride<\/a>.<\/p>\n","protected":false},"excerpt":{"rendered":"<p>No, no es co\u00f1a. El Consejo Europeo y la Comisi\u00f3n Europea han impulsado la celebraci\u00f3n del D\u00eda Europeo de la Protecci\u00f3n de Datos, con el loable objetivo de difundir entre los ciudadanos el conocimiento de sus derechos con respecto a su vida privada, y sus responsabilidades en la materia. La Agencia Espa\u00f1ola de Protecci\u00f3n de &hellip; <a href=\"https:\/\/lavigilanta.info\/?p=346\" class=\"more-link\">Seguir leyendo <span class=\"screen-reader-text\">Felicidades! Hoy es el D\u00eda Europeo de la Protecci\u00f3n de Datos<\/span> <span class=\"meta-nav\">&rarr;<\/span><\/a><\/p>\n","protected":false},"author":2,"featured_media":0,"comment_status":"open","ping_status":"open","sticky":false,"template":"","format":"standard","meta":[],"categories":[57,120],"tags":[],"_links":{"self":[{"href":"https:\/\/lavigilanta.info\/index.php?rest_route=\/wp\/v2\/posts\/346"}],"collection":[{"href":"https:\/\/lavigilanta.info\/index.php?rest_route=\/wp\/v2\/posts"}],"about":[{"href":"https:\/\/lavigilanta.info\/index.php?rest_route=\/wp\/v2\/types\/post"}],"author":[{"embeddable":true,"href":"https:\/\/lavigilanta.info\/index.php?rest_route=\/wp\/v2\/users\/2"}],"replies":[{"embeddable":true,"href":"https:\/\/lavigilanta.info\/index.php?rest_route=%2Fwp%2Fv2%2Fcomments&post=346"}],"version-history":[{"count":0,"href":"https:\/\/lavigilanta.info\/index.php?rest_route=\/wp\/v2\/posts\/346\/revisions"}],"wp:attachment":[{"href":"https:\/\/lavigilanta.info\/index.php?rest_route=%2Fwp%2Fv2%2Fmedia&parent=346"}],"wp:term":[{"taxonomy":"category","embeddable":true,"href":"https:\/\/lavigilanta.info\/index.php?rest_route=%2Fwp%2Fv2%2Fcategories&post=346"},{"taxonomy":"post_tag","embeddable":true,"href":"https:\/\/lavigilanta.info\/index.php?rest_route=%2Fwp%2Fv2%2Ftags&post=346"}],"curies":[{"name":"wp","href":"https:\/\/api.w.org\/{rel}","templated":true}]}}