{"id":344,"date":"2007-01-26T21:19:00","date_gmt":"2007-01-26T21:19:00","guid":{"rendered":"http:\/\/lavigilanta.info\/wordpress\/?p=344"},"modified":"2007-01-26T21:19:00","modified_gmt":"2007-01-26T21:19:00","slug":"prum-existe-pero-%c2%bfque-diablos-es-una-base-de-datos-de-adn","status":"publish","type":"post","link":"https:\/\/lavigilanta.info\/?p=344","title":{"rendered":"Pr\u00fcm existe, pero \u00bfqu\u00e9 diablos es una base de datos de ADN?"},"content":{"rendered":"<p>En el <a href=\"http:\/\/lavigilanta.blogspot.com\/2007\/01\/espaa-ratifica-el-convenio-de-prm.html\">post anterior<\/a> descubrimos que <a href=\"http:\/\/en.wikipedia.org\/wiki\/Pr%C3%BCm\">Pr\u00fcm existe<\/a> y anteriormente hab\u00edamos dado <a href=\"http:\/\/lavigilanta.blogspot.com\/2007\/01\/base-de-datos-policial-con-adn-en-espaa.html\">nuestra opini\u00f3n<\/a> sobre la base de datos de ADN con motivo de la presentaci\u00f3n de la vicepresidenta del gobierno, Fern\u00e1ndez de la Vega, del proyecto de ley de creaci\u00f3n de esta base de datos de ADN en Espa\u00f1a. Tambi\u00e9n nos han dicho que no hay de qu\u00e9 preocuparse, que lo que se guarda en esta base de datos no es \u00abtodo el ADN\u00bb de una persona con la informaci\u00f3n que eso conlleva (defectos gen\u00e9ticos, predisposici\u00f3n a enfermedades, etc) sino un cachito de ADN \u00abbasura\u00bb que no se sabe para qu\u00e9 vale pero que tiene la caracter\u00edstica de ser \u00fanico para cada individuo, y prueba de ello es que ni siquiera se le va a dar la consideraci\u00f3n de datos m\u00e9dicos y por lo tanto al aplicarle la LOPD a la base de datos esta ni se le va a dar el m\u00e1ximo rango de sensibilidad contemplado. Esas palabras no me han tranquilizado y el sentido ar\u00e1cnido sigue dibujando rayas negras en torno a mi cabeza (como le sucede al mejor Spiderman, el bidimensional de c\u00f3mic) y me he puesto a buscar cosas sobre el tema.<\/p>\n<p>De momento me he reencontrado con la especialista en privacidad de la universidad estadounidense <a href=\"http:\/\/www.cmu.edu\">Carnegie Mellon<\/a>, <a href=\"http:\/\/privacy.cs.cmu.edu\/index.html\">Latanya Sweeney<\/a>, que est\u00e1 trabajando activamente en un proyecto justamente llamado \u00ab<a href=\"http:\/\/privacy.cs.cmu.edu\/dataprivacy\/projects\/genetic\/index.html\">Genomic Privacy Project<\/a>\u00ab.<\/p>\n<p>Est\u00e1n desarrollando su investigaci\u00f3n con el objetivo concreto de dar respuesta a estas preguntas:<\/p>\n<p>1. Imagina que se ha logrado conseguir el ADN para todos las personas de una poblaci\u00f3n. \u00bfC\u00f3mo se podr\u00eda re-identificar cada muestra de ADN con el individuo a quien pertenece?<\/p>\n<p>Pues sorpresa, sorpresa, s\u00ed se puede: mediante ataques de inferencia usando datos m\u00e9dicos para cada uno de los miembros de la poblaci\u00f3n (si mides 1.97 y tienes el colesterol alt\u00edsimo, es posible que tengas los genes X23 y X44 -me lo invento- chungos. Hala, mira, y adem\u00e1s \u00a1esquizofr\u00e9nico!), por ejemplo (dan otras posibilidades).<\/p>\n<p>2. \u00bfCu\u00e1les ser\u00edan pr\u00e1cticas buenas y malas para la compartici\u00f3n de secuencias de ADN?<\/p>\n<p>Para esto analizan las tecnolog\u00eda existente de protecci\u00f3n de datos del genoma, y proporcionan contraejemplos al respecto.<\/p>\n<p>3. \u00bfDe qu\u00e9 manera se puede compartir informaci\u00f3n sobre el ADN con garant\u00edas s\u00f3lidas de protecci\u00f3n de la privacidad?<\/p>\n<p>\u00a1De momento no hay manera! Est\u00e1n investig\u00e1ndolo.<\/p>\n<p>Bueno, pues ya tenemos lectura y aprendizaje para un buen rato.<\/p>\n","protected":false},"excerpt":{"rendered":"<p>En el post anterior descubrimos que Pr\u00fcm existe y anteriormente hab\u00edamos dado nuestra opini\u00f3n sobre la base de datos de ADN con motivo de la presentaci\u00f3n de la vicepresidenta del gobierno, Fern\u00e1ndez de la Vega, del proyecto de ley de creaci\u00f3n de esta base de datos de ADN en Espa\u00f1a. Tambi\u00e9n nos han dicho que &hellip; <a href=\"https:\/\/lavigilanta.info\/?p=344\" class=\"more-link\">Seguir leyendo <span class=\"screen-reader-text\">Pr\u00fcm existe, pero \u00bfqu\u00e9 diablos es una base de datos de ADN?<\/span> <span class=\"meta-nav\">&rarr;<\/span><\/a><\/p>\n","protected":false},"author":2,"featured_media":0,"comment_status":"open","ping_status":"open","sticky":false,"template":"","format":"standard","meta":[],"categories":[116,120],"tags":[],"_links":{"self":[{"href":"https:\/\/lavigilanta.info\/index.php?rest_route=\/wp\/v2\/posts\/344"}],"collection":[{"href":"https:\/\/lavigilanta.info\/index.php?rest_route=\/wp\/v2\/posts"}],"about":[{"href":"https:\/\/lavigilanta.info\/index.php?rest_route=\/wp\/v2\/types\/post"}],"author":[{"embeddable":true,"href":"https:\/\/lavigilanta.info\/index.php?rest_route=\/wp\/v2\/users\/2"}],"replies":[{"embeddable":true,"href":"https:\/\/lavigilanta.info\/index.php?rest_route=%2Fwp%2Fv2%2Fcomments&post=344"}],"version-history":[{"count":0,"href":"https:\/\/lavigilanta.info\/index.php?rest_route=\/wp\/v2\/posts\/344\/revisions"}],"wp:attachment":[{"href":"https:\/\/lavigilanta.info\/index.php?rest_route=%2Fwp%2Fv2%2Fmedia&parent=344"}],"wp:term":[{"taxonomy":"category","embeddable":true,"href":"https:\/\/lavigilanta.info\/index.php?rest_route=%2Fwp%2Fv2%2Fcategories&post=344"},{"taxonomy":"post_tag","embeddable":true,"href":"https:\/\/lavigilanta.info\/index.php?rest_route=%2Fwp%2Fv2%2Ftags&post=344"}],"curies":[{"name":"wp","href":"https:\/\/api.w.org\/{rel}","templated":true}]}}