{"id":343,"date":"2007-01-26T20:20:00","date_gmt":"2007-01-26T20:20:00","guid":{"rendered":"http:\/\/lavigilanta.info\/wordpress\/?p=343"},"modified":"2007-01-26T20:20:00","modified_gmt":"2007-01-26T20:20:00","slug":"espana-ratifica-el-convenio-de-prum","status":"publish","type":"post","link":"https:\/\/lavigilanta.info\/?p=343","title":{"rendered":"Espa\u00f1a ratifica el convenio de Pr\u00fcm"},"content":{"rendered":"<p>Por el blog de <a href=\"http:\/\/www.jprenafeta.com\/blog\/index.php\/archives\/2007\/01\/15\/el-convenio-de-prum\/\">Javier Prenafeta<\/a> me entero de que en el BOE se public\u00f3 recientemente el instrumento de ratificaci\u00f3n en Espa\u00f1a del <a href=\"http:\/\/noticias.juridicas.com\/base_datos\/Admin\/ir270505-je.html\">Convenio de Pr\u00fcm<\/a>, llamado as\u00ed porque se acord\u00f3 en esa ciudad el 27 de mayo del 2005. Ni idea de qu\u00e9 estoy hablando, \u00bfverdad? Parece ser que es un acuerdo de cooperaci\u00f3n transfronteriza para la lucha contra los malos habituales: terrorismo, etc, y que contempla la creaci\u00f3n y compartici\u00f3n de bases de datos de huellas dactilares, matr\u00edculas de coche&#8230; y claro, ADN. De ah\u00ed sale el tema del <a href=\"http:\/\/www.congreso.es\/cgi-bin\/docu\/BRSCGI?CMD=VERLST&#038;BASE=puw8&#038;DOCS=1-1&#038;DOCORDER=LIFO&#038;QUERY=(CDA20061215011701.CODI.)#(P%C3%A1gina1)\">proyecto de ley sobre la creaci\u00f3n de la base de datos de ADN<\/a> de la que hablamos todos hace unos d\u00edas.<\/p>\n<p>Me estoy aficionando a los blogs de <a href=\"http:\/\/www.fharo.com\/?p=111\">buenos abogados<\/a>, estoy redescubriendo el placer de leer textos bien articulados, bien redactados y bien documentados. Y as\u00ed de paso me entero de cosas. Es una pena que estando tan interesados en temas de privacidad y libertades, hasta ahora haya trascendido lo que es Pr\u00fcm.<\/p>\n","protected":false},"excerpt":{"rendered":"<p>Por el blog de Javier Prenafeta me entero de que en el BOE se public\u00f3 recientemente el instrumento de ratificaci\u00f3n en Espa\u00f1a del Convenio de Pr\u00fcm, llamado as\u00ed porque se acord\u00f3 en esa ciudad el 27 de mayo del 2005. Ni idea de qu\u00e9 estoy hablando, \u00bfverdad? Parece ser que es un acuerdo de cooperaci\u00f3n &hellip; <a href=\"https:\/\/lavigilanta.info\/?p=343\" class=\"more-link\">Seguir leyendo <span class=\"screen-reader-text\">Espa\u00f1a ratifica el convenio de Pr\u00fcm<\/span> <span class=\"meta-nav\">&rarr;<\/span><\/a><\/p>\n","protected":false},"author":2,"featured_media":0,"comment_status":"open","ping_status":"open","sticky":false,"template":"","format":"standard","meta":[],"categories":[116,120],"tags":[],"_links":{"self":[{"href":"https:\/\/lavigilanta.info\/index.php?rest_route=\/wp\/v2\/posts\/343"}],"collection":[{"href":"https:\/\/lavigilanta.info\/index.php?rest_route=\/wp\/v2\/posts"}],"about":[{"href":"https:\/\/lavigilanta.info\/index.php?rest_route=\/wp\/v2\/types\/post"}],"author":[{"embeddable":true,"href":"https:\/\/lavigilanta.info\/index.php?rest_route=\/wp\/v2\/users\/2"}],"replies":[{"embeddable":true,"href":"https:\/\/lavigilanta.info\/index.php?rest_route=%2Fwp%2Fv2%2Fcomments&post=343"}],"version-history":[{"count":0,"href":"https:\/\/lavigilanta.info\/index.php?rest_route=\/wp\/v2\/posts\/343\/revisions"}],"wp:attachment":[{"href":"https:\/\/lavigilanta.info\/index.php?rest_route=%2Fwp%2Fv2%2Fmedia&parent=343"}],"wp:term":[{"taxonomy":"category","embeddable":true,"href":"https:\/\/lavigilanta.info\/index.php?rest_route=%2Fwp%2Fv2%2Fcategories&post=343"},{"taxonomy":"post_tag","embeddable":true,"href":"https:\/\/lavigilanta.info\/index.php?rest_route=%2Fwp%2Fv2%2Ftags&post=343"}],"curies":[{"name":"wp","href":"https:\/\/api.w.org\/{rel}","templated":true}]}}