{"id":2468,"date":"2017-05-29T09:41:21","date_gmt":"2017-05-29T07:41:21","guid":{"rendered":"http:\/\/lavigilanta.info\/wordpress\/?p=2468"},"modified":"2017-05-29T09:52:08","modified_gmt":"2017-05-29T07:52:08","slug":"todos-a-liechtenstein","status":"publish","type":"post","link":"https:\/\/lavigilanta.info\/?p=2468","title":{"rendered":"\u00bfTodos a Liechtenstein?"},"content":{"rendered":"<p><img decoding=\"async\" loading=\"lazy\" src=\"https:\/\/lavigilanta.info\/wordpress\/wp-content\/uploads\/2017\/05\/liechtenstein-300x225.jpg\" alt=\"\" width=\"300\" height=\"225\" class=\"alignnone size-medium wp-image-2471\" srcset=\"https:\/\/lavigilanta.info\/wp-content\/uploads\/2017\/05\/liechtenstein-300x225.jpg 300w, https:\/\/lavigilanta.info\/wp-content\/uploads\/2017\/05\/liechtenstein-768x576.jpg 768w, https:\/\/lavigilanta.info\/wp-content\/uploads\/2017\/05\/liechtenstein-1024x768.jpg 1024w\" sizes=\"(max-width: 300px) 100vw, 300px\" \/><br \/>\nEl mes pasado nos fuimos de vacaciones a Liechtenstein. As\u00ed, tal cual, para visitar uno de los pocos pa\u00edses de Europa que nos faltan por conocer. Es un peque\u00f1\u00edsimo pa\u00eds conformado en su mayor\u00eda por monta\u00f1as alpinas y que disponde de solo un valle habitado, pero \u00a1vaya valle! El del Rin. Ah\u00ed est\u00e1n casi todos los municipios con cierta poblaci\u00f3n: la peque\u00f1a capital <a href=\"https:\/\/en.wikipedia.org\/wiki\/Vaduz\">Vaduz<\/a> (6000 habitantes); y donde vive y trabaja la gente, Schaan &#8211; inclu\u00eddos los cuarteles generales de LA multinacional liechtensteiniana, <a href=\"https:\/\/www.hilti.group\/content\/hilti\/CP\/XX\/en.html\">Hilti<\/a>. El centro hist\u00f3rico de Vaduz se recorre a pie en 15 minutos, tiene una catedral, un extra\u00f1o y moderno parlamento, unos cuantos museos, una oficina de tursmo, y all\u00e1 en el risco de la pe\u00f1a que preside la localidad, el castillo de Vaduz, residencia oficial del F\u00fcrst (pr\u00edncipe) y su familia.<\/p>\n<p>Hoy en <a href=\"http:\/\/elordenmundial.com\/2017\/05\/29\/liechtenstein-el-oasis-alpino\/\">El Orden Mundial<\/a> me encuentro este precioso reportaje sobre el pa\u00eds. Dentro de \u00e9l, me llama la atenci\u00f3n el siguiente alegato del F\u00fcrst ante la OCDE (2001) por las acusaciones de para\u00edso fiscal y en especial por el secreto bancario que rige en Liechtenstein y que tantos capitales atrae:<\/p>\n<p>\u201cun intercambio completo y mundial de la informaci\u00f3n supondr\u00eda dejar a los ciudadanos completamente transparentes ante el Estado en todos sus asuntos financieros, obligados permanentemente \u2014a diferencia del delincuente com\u00fan\u2014 a probar su inocencia ante las autoridades. Las intenciones pueden ser buenas, pero la consecuencia l\u00f3gica ser\u00eda un Gobierno mundial, llamado OCDE, responsable ante nadie, excepto unos pocos pol\u00edticos que manejar\u00edan los hilos en la sombra\u201d.<\/p>\n<p>Una no dir\u00eda que un monarca absolutista de un para\u00edso fiscal donde supuestamente se blanquea dinero de todo tipo de origen iba a tener un discurso tan parecido a&#8230; \u00bfAnonymous? Este pensamiento me hace so\u00f1ar con una versi\u00f3n del Cryptonomicon que sustituya el peque\u00f1o reino inventado de Kota Kinabalu. Y los cables submarinos a tender, que fuesen los de Telef\u00f3nica&#8230;<\/p>\n","protected":false},"excerpt":{"rendered":"<p>El mes pasado nos fuimos de vacaciones a Liechtenstein. As\u00ed, tal cual, para visitar uno de los pocos pa\u00edses de Europa que nos faltan por conocer. Es un peque\u00f1\u00edsimo pa\u00eds conformado en su mayor\u00eda por monta\u00f1as alpinas y que disponde de solo un valle habitado, pero \u00a1vaya valle! El del Rin. Ah\u00ed est\u00e1n casi todos &hellip; <a href=\"https:\/\/lavigilanta.info\/?p=2468\" class=\"more-link\">Seguir leyendo <span class=\"screen-reader-text\">\u00bfTodos a Liechtenstein?<\/span> <span class=\"meta-nav\">&rarr;<\/span><\/a><\/p>\n","protected":false},"author":2,"featured_media":0,"comment_status":"open","ping_status":"open","sticky":false,"template":"","format":"standard","meta":[],"categories":[174,57,108],"tags":[],"_links":{"self":[{"href":"https:\/\/lavigilanta.info\/index.php?rest_route=\/wp\/v2\/posts\/2468"}],"collection":[{"href":"https:\/\/lavigilanta.info\/index.php?rest_route=\/wp\/v2\/posts"}],"about":[{"href":"https:\/\/lavigilanta.info\/index.php?rest_route=\/wp\/v2\/types\/post"}],"author":[{"embeddable":true,"href":"https:\/\/lavigilanta.info\/index.php?rest_route=\/wp\/v2\/users\/2"}],"replies":[{"embeddable":true,"href":"https:\/\/lavigilanta.info\/index.php?rest_route=%2Fwp%2Fv2%2Fcomments&post=2468"}],"version-history":[{"count":3,"href":"https:\/\/lavigilanta.info\/index.php?rest_route=\/wp\/v2\/posts\/2468\/revisions"}],"predecessor-version":[{"id":2472,"href":"https:\/\/lavigilanta.info\/index.php?rest_route=\/wp\/v2\/posts\/2468\/revisions\/2472"}],"wp:attachment":[{"href":"https:\/\/lavigilanta.info\/index.php?rest_route=%2Fwp%2Fv2%2Fmedia&parent=2468"}],"wp:term":[{"taxonomy":"category","embeddable":true,"href":"https:\/\/lavigilanta.info\/index.php?rest_route=%2Fwp%2Fv2%2Fcategories&post=2468"},{"taxonomy":"post_tag","embeddable":true,"href":"https:\/\/lavigilanta.info\/index.php?rest_route=%2Fwp%2Fv2%2Ftags&post=2468"}],"curies":[{"name":"wp","href":"https:\/\/api.w.org\/{rel}","templated":true}]}}