{"id":240,"date":"2006-09-15T11:34:00","date_gmt":"2006-09-15T11:34:00","guid":{"rendered":"http:\/\/lavigilanta.info\/wordpress\/?p=240"},"modified":"2006-09-15T11:34:00","modified_gmt":"2006-09-15T11:34:00","slug":"entrevista-en-el-pais-al-creador-del-partido-pirata-sueco","status":"publish","type":"post","link":"https:\/\/lavigilanta.info\/?p=240","title":{"rendered":"Entrevista en el Pa\u00eds al creador del Partido Pirata sueco"},"content":{"rendered":"<p><a href=\"http:\/\/photos1.blogger.com\/blogger\/4649\/1161\/1600\/pirata.0.gif\"><img decoding=\"async\" style=\"cursor: pointer;\" src=\"http:\/\/photos1.blogger.com\/blogger\/4649\/1161\/320\/pirata.0.png\" alt=\"\" border=\"0\" \/><\/a><\/p>\n<p>En la edici\u00f3n digital de <a href=\"http:\/\/www.elpais.es\/articulo\/internacional\/politicos\/han\/enterado\/hay\/moviles\/e\/Internet\/elpportec\/20060915elpepiint_10\/Tes\/\">El Pa\u00eds<\/a> de hoy se publica una entrevista a Rickard Falkvinge, creador del Partido Pirata sueco. Este domingo son las elecciones all\u00e1 y a estos comicios se presenta el Partido Pirata.<\/p>\n<p>Perlas de la entrevista:<br \/>\u00abLos pol\u00edticos no se han enterado de que existen m\u00f3viles e Internet.\u00bb<\/p>\n<p>\u00abEn la era de Internet el copyright es incompatible con el derecho a la confidencialidad. Ning\u00fan Gobierno puede llegar a decretar que cada pieza de comunicaci\u00f3n privada, y m\u00e1s a\u00fan en el futuro, es ilegal, que si yo env\u00edo una canci\u00f3n o un v\u00eddeo por e-mail a un amigo estoy cometiendo un delito.\u00bb<\/p>\n<p>Tags TEchnorati: <a href=\"http:\/\/technorati.com\/tag\/Partido%20Pirata\" rel=\"tag\">Partido Pirata<\/a>, <a href=\"http:\/\/technorati.com\/tag\/suecia\" rel=\"tag\">Suecia<\/a><\/p>\n","protected":false},"excerpt":{"rendered":"<p>En la edici\u00f3n digital de El Pa\u00eds de hoy se publica una entrevista a Rickard Falkvinge, creador del Partido Pirata sueco. Este domingo son las elecciones all\u00e1 y a estos comicios se presenta el Partido Pirata. Perlas de la entrevista:\u00abLos pol\u00edticos no se han enterado de que existen m\u00f3viles e Internet.\u00bb \u00abEn la era de &hellip; <a href=\"https:\/\/lavigilanta.info\/?p=240\" class=\"more-link\">Seguir leyendo <span class=\"screen-reader-text\">Entrevista en el Pa\u00eds al creador del Partido Pirata sueco<\/span> <span class=\"meta-nav\">&rarr;<\/span><\/a><\/p>\n","protected":false},"author":2,"featured_media":0,"comment_status":"open","ping_status":"open","sticky":false,"template":"","format":"standard","meta":[],"categories":[1],"tags":[],"_links":{"self":[{"href":"https:\/\/lavigilanta.info\/index.php?rest_route=\/wp\/v2\/posts\/240"}],"collection":[{"href":"https:\/\/lavigilanta.info\/index.php?rest_route=\/wp\/v2\/posts"}],"about":[{"href":"https:\/\/lavigilanta.info\/index.php?rest_route=\/wp\/v2\/types\/post"}],"author":[{"embeddable":true,"href":"https:\/\/lavigilanta.info\/index.php?rest_route=\/wp\/v2\/users\/2"}],"replies":[{"embeddable":true,"href":"https:\/\/lavigilanta.info\/index.php?rest_route=%2Fwp%2Fv2%2Fcomments&post=240"}],"version-history":[{"count":0,"href":"https:\/\/lavigilanta.info\/index.php?rest_route=\/wp\/v2\/posts\/240\/revisions"}],"wp:attachment":[{"href":"https:\/\/lavigilanta.info\/index.php?rest_route=%2Fwp%2Fv2%2Fmedia&parent=240"}],"wp:term":[{"taxonomy":"category","embeddable":true,"href":"https:\/\/lavigilanta.info\/index.php?rest_route=%2Fwp%2Fv2%2Fcategories&post=240"},{"taxonomy":"post_tag","embeddable":true,"href":"https:\/\/lavigilanta.info\/index.php?rest_route=%2Fwp%2Fv2%2Ftags&post=240"}],"curies":[{"name":"wp","href":"https:\/\/api.w.org\/{rel}","templated":true}]}}