{"id":239,"date":"2006-09-15T10:56:00","date_gmt":"2006-09-15T10:56:00","guid":{"rendered":"http:\/\/lavigilanta.info\/wordpress\/?p=239"},"modified":"2006-09-15T10:56:00","modified_gmt":"2006-09-15T10:56:00","slug":"cargador-solar-para-dispositivos-moviles","status":"publish","type":"post","link":"https:\/\/lavigilanta.info\/?p=239","title":{"rendered":"Cargador solar para dispositivos m\u00f3viles"},"content":{"rendered":"<p><a href=\"http:\/\/photos1.blogger.com\/blogger\/4649\/1161\/1600\/cargador%20solar.jpg\"><img decoding=\"async\" style=\"cursor: pointer;\" src=\"http:\/\/photos1.blogger.com\/blogger\/4649\/1161\/320\/cargador%20solar.jpg\" alt=\"\" border=\"0\" \/><\/a><br \/>No, no nos vamos a convertir en <a href=\"http:\/\/spanish.engadget.com\/\">Engadget<\/a>&#8230; solo es que he encontrado este cacharrito que puede ayudarme a tragar mejor la \u00abculpa\u00bb de ser cada vez m\u00e1s dependiente de <a href=\"http:\/\/lafragua.blogspot.com\/2006\/01\/una-campaa-personal-opinin-en-todas.html\">cacharritos<\/a> que consumen energ\u00eda el\u00e9ctrica.<\/p>\n<p>Se trata del <a href=\"http:\/\/www.proporta.com\/F02\/PPF02P05.php?t_id=1520&#038;t_mode=des\">cargador solar para dispositivos m\u00f3viles de Proporta<\/a>. Aqu\u00ed te lo venden como algo para \u00absacarte de un apuro\u00bb. \u00a1Si me lo compro se va a convertir en el cargador habitual de mi <a href=\"http:\/\/www.expansys.es\/product.asp?code=125316\">QTEK G100<\/a> y de mi <a href=\"http:\/\/es.europe.creative.com\/products\/product.asp?category=267&amp;subcategory=281&amp;product=10795\">Creative Zen Micro<\/a>!<\/p>\n<p>Tags Technorati: <a href=\"http:\/\/technorati.com\/tag\/cargador%20solar\" rel=\"tag\">cargador solar<\/a>, <a href=\"http:\/\/technorati.com\/tag\/ecologia\" rel=\"tag\">ecolog\u00eda<\/a><\/p>\n","protected":false},"excerpt":{"rendered":"<p>No, no nos vamos a convertir en Engadget&#8230; solo es que he encontrado este cacharrito que puede ayudarme a tragar mejor la \u00abculpa\u00bb de ser cada vez m\u00e1s dependiente de cacharritos que consumen energ\u00eda el\u00e9ctrica. Se trata del cargador solar para dispositivos m\u00f3viles de Proporta. Aqu\u00ed te lo venden como algo para \u00absacarte de un &hellip; <a href=\"https:\/\/lavigilanta.info\/?p=239\" class=\"more-link\">Seguir leyendo <span class=\"screen-reader-text\">Cargador solar para dispositivos m\u00f3viles<\/span> <span class=\"meta-nav\">&rarr;<\/span><\/a><\/p>\n","protected":false},"author":2,"featured_media":0,"comment_status":"open","ping_status":"open","sticky":false,"template":"","format":"standard","meta":[],"categories":[1],"tags":[],"_links":{"self":[{"href":"https:\/\/lavigilanta.info\/index.php?rest_route=\/wp\/v2\/posts\/239"}],"collection":[{"href":"https:\/\/lavigilanta.info\/index.php?rest_route=\/wp\/v2\/posts"}],"about":[{"href":"https:\/\/lavigilanta.info\/index.php?rest_route=\/wp\/v2\/types\/post"}],"author":[{"embeddable":true,"href":"https:\/\/lavigilanta.info\/index.php?rest_route=\/wp\/v2\/users\/2"}],"replies":[{"embeddable":true,"href":"https:\/\/lavigilanta.info\/index.php?rest_route=%2Fwp%2Fv2%2Fcomments&post=239"}],"version-history":[{"count":0,"href":"https:\/\/lavigilanta.info\/index.php?rest_route=\/wp\/v2\/posts\/239\/revisions"}],"wp:attachment":[{"href":"https:\/\/lavigilanta.info\/index.php?rest_route=%2Fwp%2Fv2%2Fmedia&parent=239"}],"wp:term":[{"taxonomy":"category","embeddable":true,"href":"https:\/\/lavigilanta.info\/index.php?rest_route=%2Fwp%2Fv2%2Fcategories&post=239"},{"taxonomy":"post_tag","embeddable":true,"href":"https:\/\/lavigilanta.info\/index.php?rest_route=%2Fwp%2Fv2%2Ftags&post=239"}],"curies":[{"name":"wp","href":"https:\/\/api.w.org\/{rel}","templated":true}]}}