{"id":236,"date":"2006-09-08T14:56:00","date_gmt":"2006-09-08T14:56:00","guid":{"rendered":"http:\/\/lavigilanta.info\/wordpress\/?p=236"},"modified":"2006-09-08T14:56:00","modified_gmt":"2006-09-08T14:56:00","slug":"la-web-20-comercial-tiene-su-primer-encontronazo-con-problemas-de-privacidad","status":"publish","type":"post","link":"https:\/\/lavigilanta.info\/?p=236","title":{"rendered":"La Web 2.0 comercial tiene su primer encontronazo con problemas de privacidad"},"content":{"rendered":"<p>Leemos en <a href=\"http:\/\/publishing2.com\/2006\/09\/07\/this-is-what-the-social-networking-privacy-backlash-looks-like\/\">Publishing 2.0<\/a> que los usuarios de <a href=\"http:\/\/www.facebook.com\/\">Facebook<\/a>, una de las redes sociales m\u00e1s populares en Estados Unidos, se est\u00e1n rebelando contra el manejo que esa compa\u00f1\u00eda hace de esa informaci\u00f3n. \u00bfPor qu\u00e9 ahora?<\/p>\n<p>Bueno, parece ser que ahora con <a href=\"http:\/\/www.facebook.com\/\">Facebook<\/a> te puedes \u00absindicar\u00bb al perfil de una persona en particular, y de igual manera que nosotros nos \u00absindicamos\u00bb a un blog y de manera autom\u00e1tica se nos informa que hay un nuevo post en ese blog, en el caso de <a href=\"http:\/\/www.facebook.com\/\">Facebook<\/a> quien se sindica a tu perfil recibe una notificaci\u00f3n cada vez que t\u00fa haces un cambio a tus datos &#8211; si cambias tu foto, <b>si das de baja a un amigo<\/b>, etc.<\/p>\n<p>Parece ser que este peque\u00f1o problema de \u00abpatio de colegio\u00bb es el que ha hecho que los usuarios de <a href=\"http:\/\/www.facebook.com\/\">Facebook<\/a> de repente se planteen preguntas entorno a su privacidad, y por extensi\u00f3n, entorno a qui\u00e9n es el propietario de toda esa informaci\u00f3n que ellos est\u00e1n creando&#8230; y \u00abregalando\u00bb a facebook.<\/p>\n<p><a href=\"http:\/\/lavigilanta.blogspot.com\/2006\/09\/ceo-de-sun-de-todas-maneras-ya-nadie.html\">Scott McNealy<\/a>&#8230; parece ser que incluso a los chiquillos que han crecido con un ordenador bajo el brazo y acostumbrados a manejar sus relaciones por Internet les parece que su privacidad s\u00ed importa.<\/p>\n<p>Tags Technorati: <a href=\"http:\/\/technorati.com\/tag\/facebook\" rel=\"tag\">facebook<\/a>, <a href=\"http:\/\/technorati.com\/tag\/privacidad\" rel=\"tag\">privacidad<\/a>, <a href=\"http:\/\/technorati.com\/tag\/web2.0\" rel=\"tag\">web 2.0<\/a><\/p>\n","protected":false},"excerpt":{"rendered":"<p>Leemos en Publishing 2.0 que los usuarios de Facebook, una de las redes sociales m\u00e1s populares en Estados Unidos, se est\u00e1n rebelando contra el manejo que esa compa\u00f1\u00eda hace de esa informaci\u00f3n. \u00bfPor qu\u00e9 ahora? Bueno, parece ser que ahora con Facebook te puedes \u00absindicar\u00bb al perfil de una persona en particular, y de igual &hellip; <a href=\"https:\/\/lavigilanta.info\/?p=236\" class=\"more-link\">Seguir leyendo <span class=\"screen-reader-text\">La Web 2.0 comercial tiene su primer encontronazo con problemas de privacidad<\/span> <span class=\"meta-nav\">&rarr;<\/span><\/a><\/p>\n","protected":false},"author":2,"featured_media":0,"comment_status":"open","ping_status":"open","sticky":false,"template":"","format":"standard","meta":[],"categories":[120],"tags":[],"_links":{"self":[{"href":"https:\/\/lavigilanta.info\/index.php?rest_route=\/wp\/v2\/posts\/236"}],"collection":[{"href":"https:\/\/lavigilanta.info\/index.php?rest_route=\/wp\/v2\/posts"}],"about":[{"href":"https:\/\/lavigilanta.info\/index.php?rest_route=\/wp\/v2\/types\/post"}],"author":[{"embeddable":true,"href":"https:\/\/lavigilanta.info\/index.php?rest_route=\/wp\/v2\/users\/2"}],"replies":[{"embeddable":true,"href":"https:\/\/lavigilanta.info\/index.php?rest_route=%2Fwp%2Fv2%2Fcomments&post=236"}],"version-history":[{"count":0,"href":"https:\/\/lavigilanta.info\/index.php?rest_route=\/wp\/v2\/posts\/236\/revisions"}],"wp:attachment":[{"href":"https:\/\/lavigilanta.info\/index.php?rest_route=%2Fwp%2Fv2%2Fmedia&parent=236"}],"wp:term":[{"taxonomy":"category","embeddable":true,"href":"https:\/\/lavigilanta.info\/index.php?rest_route=%2Fwp%2Fv2%2Fcategories&post=236"},{"taxonomy":"post_tag","embeddable":true,"href":"https:\/\/lavigilanta.info\/index.php?rest_route=%2Fwp%2Fv2%2Ftags&post=236"}],"curies":[{"name":"wp","href":"https:\/\/api.w.org\/{rel}","templated":true}]}}