{"id":230,"date":"2006-09-05T08:52:00","date_gmt":"2006-09-05T08:52:00","guid":{"rendered":"http:\/\/lavigilanta.info\/wordpress\/?p=230"},"modified":"2006-09-05T08:52:00","modified_gmt":"2006-09-05T08:52:00","slug":"el-retorno-de-la-autoridad-competente-la-ley-para-el-impulso-de-la-sociedad-de-la-informacion-preve-el-bloqueo-a-contenidos-en-internet","status":"publish","type":"post","link":"https:\/\/lavigilanta.info\/?p=230","title":{"rendered":"El retorno de la &#34;autoridad competente&#34;: la ley para el impulso de la sociedad de la informaci\u00f3n prev\u00e9 el bloqueo a contenidos en Internet"},"content":{"rendered":"<p><a href=\"http:\/\/photos1.blogger.com\/blogger\/4649\/1161\/1600\/censura.jpg\"><img decoding=\"async\" style=\"cursor: pointer;\" src=\"http:\/\/photos1.blogger.com\/blogger\/4649\/1161\/320\/censura.jpg\" alt=\"\" border=\"0\" \/><\/a><br \/>Leemos en <a href=\"http:\/\/www.elmundo.es\/navegante\/2006\/09\/04\/tecnologia\/1157400875.html\">El Mundo<\/a> que la nueva ley para el desarrollo de la sociedad de la informaci\u00f3n prev\u00e9 el bloqueo (que no sean accesibles desde Espa\u00f1a) de contenidos que hayan sido censurados por \u00abun organismo competente\u00bb. No se han dado m\u00e1s detalles, solo eso.<\/p>\n<p>Y eso es lo que da miedo. \u00bfQui\u00e9n es el \u00aborganismo competente\u00bb? \u00bfQu\u00e9 tipos de contenidos se van a bloquear? Otra vez lo de siempre. Se agarran a los \u00absospechosos habituales\u00bb (apolog\u00eda del terrorismo, sitios de pedofilia) y pasan un ley ambigua. Las leyes no pueden ser ambiguas, amiguitos. Porque \u00bfqui\u00e9n me dice a m\u00ed que ma\u00f1ana no va a gobernar un Ner\u00f3n y va a aprovechar el marco legal para vetar los sitios web de David Bisbal, del FC Barcelona, o&#8230; el SourceForge(*) y ser rec\u00edproco as\u00ed con un favorcito que le  haya hecho Bill Gates al ministro en turno? \u00bfQui\u00e9n me dice a m\u00ed que no nos van a censurar lo que se publique en la BBC por ser poco favorable a lo que diga el gobierno (**)?<\/p>\n<p>Adem\u00e1s de lo mala que puede ser esta ley si cae en malas manos, adem\u00e1s del palo a nuestras libertades que supone la aplicaci\u00f3n de la palabra \u00abcensura\u00bb, \u00a1\u00a1es que la medida es in\u00fatil!! Tanto como intentar ponerle puertas al campo. Y en Espa\u00f1a deber\u00edamos saber bien eso de \u00abhecha la ley, hecha la trampa\u00bb: quien quiera hacer da\u00f1o se esforzar\u00e1 en encontrar m\u00e9todos alternativos, que ser\u00e1n m\u00e1s dif\u00edciles de detectar para \u00ablas fuerzas del bien\u00bb, con lo cual perdemos todos.<\/p>\n<p>El otro d\u00eda le\u00ed en un medio estadounidense, a prop\u00f3sito de la seguridad en los aviones, algo como: \u00abcuando se dejaron de permitir cuchillos y navajas a bordo, los terroristas usaron un \u00abcutter\u00bb (cuchilla para cortar papel que se usa en las oficinas). Cuando vetaron los cutters, los terroristas inventaron \u00abel zapato-bomba\u00bb. Cuando comenzaron a pasar por el scanner de equipaje de mano los zapatos, empezaron a jugar con los explosivos l\u00edquidos. Ahora que los l\u00edquidos est\u00e1n prohibidos a bordo&#8230; \u00bfqu\u00e9 va a ser lo siguiente que ideen los terroristas?\u00bb<\/p>\n<p>Quasi-ex-ministro Montilla: muy mal. Futuro candidato a Honorable President Montilla: Muy mal.<\/p>\n<p>Futuro ministro Clos: \u00a1\u00a1\u00a1\u00a1Oportunidad de redimirte!!!! \u00a1\u00a1Cambia este desaguisado en el proyecto de ley!!<\/p>\n<p>(*) SourceForge: sitio web donde se hospedan proyectos de software libre, modelo de desarrollo de software que supone a mediano plazo el mayor peligro al modelo de negocio de Microsoft.<\/p>\n<p>(**) El <a href=\"http:\/\/www.elpais.es\/comunes\/2004\/11m\/\">11 de marzo del 2004<\/a> nos despertamos con una conmoci\u00f3n terrible en Espa\u00f1a. Por naturaleza e historia reciente, todos pensamos en ETA, y el gobierno de Jos\u00e9 Mar\u00eda Aznar no dejaba de cacarearlo. Recuerdo que a eso de las 11 de la ma\u00f1ana, tras digerir un poco el shock, extra\u00f1ada ante la versi\u00f3n monol\u00edtica de la prensa espa\u00f1ola al respecto, y tras escuchar las declaraciones de Otegui, pens\u00e9: \u00abesto me huele mal\u00bb, abr\u00ed el navegador, y hale, a ver lo que dec\u00edan los medios internacionales: la BBC, Le Monde, NYTimes. Ellos no eran tan categ\u00f3ricos en sus afirmaciones, ellos no dec\u00edan: fue ETA, sino: el gobierno asegura que fue ETA.<br \/>Con la nueva ley, y teniendo esta experiencia \u00bf\u00bfhubiese AZNAR ordenado la censura de los medios de informaci\u00f3n internacionales??<\/p>\n<p>La Vigilanta husmea el peligro.<\/p>\n<p>Tag Technorati: <a href=\"http:\/\/technorati.com\/tag\/censura\" rel=\"tag\">Censura<\/a><\/p>\n","protected":false},"excerpt":{"rendered":"<p>Leemos en El Mundo que la nueva ley para el desarrollo de la sociedad de la informaci\u00f3n prev\u00e9 el bloqueo (que no sean accesibles desde Espa\u00f1a) de contenidos que hayan sido censurados por \u00abun organismo competente\u00bb. No se han dado m\u00e1s detalles, solo eso. Y eso es lo que da miedo. \u00bfQui\u00e9n es el \u00aborganismo &hellip; <a href=\"https:\/\/lavigilanta.info\/?p=230\" class=\"more-link\">Seguir leyendo <span class=\"screen-reader-text\">El retorno de la &#34;autoridad competente&#34;: la ley para el impulso de la sociedad de la informaci\u00f3n prev\u00e9 el bloqueo a contenidos en Internet<\/span> <span class=\"meta-nav\">&rarr;<\/span><\/a><\/p>\n","protected":false},"author":2,"featured_media":0,"comment_status":"open","ping_status":"open","sticky":false,"template":"","format":"standard","meta":[],"categories":[29],"tags":[],"_links":{"self":[{"href":"https:\/\/lavigilanta.info\/index.php?rest_route=\/wp\/v2\/posts\/230"}],"collection":[{"href":"https:\/\/lavigilanta.info\/index.php?rest_route=\/wp\/v2\/posts"}],"about":[{"href":"https:\/\/lavigilanta.info\/index.php?rest_route=\/wp\/v2\/types\/post"}],"author":[{"embeddable":true,"href":"https:\/\/lavigilanta.info\/index.php?rest_route=\/wp\/v2\/users\/2"}],"replies":[{"embeddable":true,"href":"https:\/\/lavigilanta.info\/index.php?rest_route=%2Fwp%2Fv2%2Fcomments&post=230"}],"version-history":[{"count":0,"href":"https:\/\/lavigilanta.info\/index.php?rest_route=\/wp\/v2\/posts\/230\/revisions"}],"wp:attachment":[{"href":"https:\/\/lavigilanta.info\/index.php?rest_route=%2Fwp%2Fv2%2Fmedia&parent=230"}],"wp:term":[{"taxonomy":"category","embeddable":true,"href":"https:\/\/lavigilanta.info\/index.php?rest_route=%2Fwp%2Fv2%2Fcategories&post=230"},{"taxonomy":"post_tag","embeddable":true,"href":"https:\/\/lavigilanta.info\/index.php?rest_route=%2Fwp%2Fv2%2Ftags&post=230"}],"curies":[{"name":"wp","href":"https:\/\/api.w.org\/{rel}","templated":true}]}}