{"id":220,"date":"2006-08-23T11:53:00","date_gmt":"2006-08-23T11:53:00","guid":{"rendered":"http:\/\/lavigilanta.info\/wordpress\/?p=220"},"modified":"2006-08-23T11:53:00","modified_gmt":"2006-08-23T11:53:00","slug":"el-vicepresidente-de-la-comision-europea-pide-que-se-cedan-a-las-autoridades-las-listas-de-pasajeros-de-cualquier-vuelo-en-la-union-europea","status":"publish","type":"post","link":"https:\/\/lavigilanta.info\/?p=220","title":{"rendered":"El Vicepresidente de la Comisi\u00f3n Europea pide que se cedan a las autoridades las listas de pasajeros de cualquier vuelo en la Uni\u00f3n Europea"},"content":{"rendered":"<p>Lo leemos en <a href=\"http:\/\/www.theregister.co.uk\/2006\/08\/23\/passenger_data_sharing\/\">The Reg<\/a>.<\/p>\n<p>Mario Frattini, el vicepresidente de la Comisi\u00f3n y responsable directo de justicia y seguridad, ha pedido a los estados que garanticen que las l\u00edneas a\u00e9reas cedan la informaci\u00f3n sobre los pasajeros a \u00abla autoridad competente\u00bb. Estos datos ser\u00edan guardados por dicha \u00abautoridad competente\u00bb durante 3 a\u00f1os.<\/p>\n<p>A todo esto, el supervisor de la normativa de protecci\u00f3n de datos europea, de vacaciones en alg\u00fan sitio sin Intenn\u00e9.<\/p>\n<p>Tags Technorati: <a href=\"http:\/\/technorati.com\/tag\/privacidad\" rel=\"tag\">privacidad<\/a>, <a href=\"http:\/\/technorati.com\/tag\/UE\" rel=\"tag\">UE<\/a>, <a href=\"http:\/\/technorati.com\/tag\/aeropuertos\" rel=\"tag\">aeropuertos<\/a><\/p>\n","protected":false},"excerpt":{"rendered":"<p>Lo leemos en The Reg. Mario Frattini, el vicepresidente de la Comisi\u00f3n y responsable directo de justicia y seguridad, ha pedido a los estados que garanticen que las l\u00edneas a\u00e9reas cedan la informaci\u00f3n sobre los pasajeros a \u00abla autoridad competente\u00bb. Estos datos ser\u00edan guardados por dicha \u00abautoridad competente\u00bb durante 3 a\u00f1os. A todo esto, el &hellip; <a href=\"https:\/\/lavigilanta.info\/?p=220\" class=\"more-link\">Seguir leyendo <span class=\"screen-reader-text\">El Vicepresidente de la Comisi\u00f3n Europea pide que se cedan a las autoridades las listas de pasajeros de cualquier vuelo en la Uni\u00f3n Europea<\/span> <span class=\"meta-nav\">&rarr;<\/span><\/a><\/p>\n","protected":false},"author":2,"featured_media":0,"comment_status":"open","ping_status":"open","sticky":false,"template":"","format":"standard","meta":[],"categories":[1],"tags":[],"_links":{"self":[{"href":"https:\/\/lavigilanta.info\/index.php?rest_route=\/wp\/v2\/posts\/220"}],"collection":[{"href":"https:\/\/lavigilanta.info\/index.php?rest_route=\/wp\/v2\/posts"}],"about":[{"href":"https:\/\/lavigilanta.info\/index.php?rest_route=\/wp\/v2\/types\/post"}],"author":[{"embeddable":true,"href":"https:\/\/lavigilanta.info\/index.php?rest_route=\/wp\/v2\/users\/2"}],"replies":[{"embeddable":true,"href":"https:\/\/lavigilanta.info\/index.php?rest_route=%2Fwp%2Fv2%2Fcomments&post=220"}],"version-history":[{"count":0,"href":"https:\/\/lavigilanta.info\/index.php?rest_route=\/wp\/v2\/posts\/220\/revisions"}],"wp:attachment":[{"href":"https:\/\/lavigilanta.info\/index.php?rest_route=%2Fwp%2Fv2%2Fmedia&parent=220"}],"wp:term":[{"taxonomy":"category","embeddable":true,"href":"https:\/\/lavigilanta.info\/index.php?rest_route=%2Fwp%2Fv2%2Fcategories&post=220"},{"taxonomy":"post_tag","embeddable":true,"href":"https:\/\/lavigilanta.info\/index.php?rest_route=%2Fwp%2Fv2%2Ftags&post=220"}],"curies":[{"name":"wp","href":"https:\/\/api.w.org\/{rel}","templated":true}]}}