{"id":2187,"date":"2012-04-30T16:25:29","date_gmt":"2012-04-30T14:25:29","guid":{"rendered":"http:\/\/lavigilanta.info\/wordpress\/?p=2187"},"modified":"2012-04-30T16:31:00","modified_gmt":"2012-04-30T14:31:00","slug":"sobre-la-web-de-denuncia-de-la-generalitat-de-catalunya","status":"publish","type":"post","link":"https:\/\/lavigilanta.info\/?p=2187","title":{"rendered":"Sobre la Web de denuncia de la Generalitat de Catalunya"},"content":{"rendered":"<p>La Generalitat ha creado una p\u00e1gina Web titulada \u00ab<a href=\"http:\/\/www20.gencat.cat\/docs\/mossos_colaboracio\/index4601.html\">Colaboraci\u00f3n ciudadana contra la violencia urbana<\/a>\u00ab. Se trata de una galer\u00eda de im\u00e1genes de ciudadanos, extra\u00edda de las c\u00e1maras de videovigilancia del centro de la ciudad de Barcelona, supuestamente (por lo de la presunci\u00f3n de inocencia) involucrados en los actos de violencia del d\u00eda 29 de marzo (2012). <\/p>\n<p>Quer\u00eda hacer varios comentarios sobre este hecho.<\/p>\n<ul>\n<li>No es cierto que la denuncia sea an\u00f3nima. El nombre, DNI\/NIE y tel\u00e9fono o email son campos obligatorios en el formulario de contacto con la polic\u00eda auton\u00f3mica. No coincido con quienes dicen que la acci\u00f3n de la polic\u00eda auton\u00f3mica creando el portal sea ilegal. Si un caso, inmoral.<\/li>\n<li>No obstante, coincido con <a href=\"http:\/\/www.versvs.net\/anotacion\/mossos-sociedad-control\">Versvs<\/a> en que se haya desplegado la tecnolog\u00eda de videovigilancia (control) con tanta facilidad, y que otros elementos de la administraci\u00f3n electr\u00f3nica, m\u00e1s baratos y que favorecer\u00edan a toda la poblaci\u00f3n, o bien no se pongan en marcha, o no den abasto. <a href=\"http:\/\/w3.bcn.es\/ab\/asia\/equipament\/controller\/0,2317,1653_71890_2,00.html?accio=fitxa_eq&#038;idEquip=92086009764\">El registro civil en Barcelona es un esc\u00e1ndalo<\/a>. \u00bfSaben que cuando ped\u00ed hora para casarme tuve que volver tres meses despu\u00e9s, porque era octubre, yo quer\u00eda marzo, y \u00abnadie hab\u00eda comprado la agenda\/calendario del a\u00f1o siguiente para poder anotarlo\u00bb? \u00bfY qu\u00e9 piensan del <a href=\"http:\/\/www.nacionred.com\/fomento-internet\/el-dia-en-el-que-ciudadanos-anonimos-tumbaron-la-web-de-la-agencia-tributaria\">\u00abcuelgue\u00bb monumental de los servidores de Hacienda la otra semana, cuando a demasiados ciudadanos les dio por pedir el borrador el mismo d\u00eda<\/a>? Hay claramente una infra-infraestructura en \u00e1reas claves del servicio al ciudadano. Y llevan as\u00ed muchas d\u00e9cadas.<\/li>\n<li>Vaya por delante que <a href=\"http:\/\/breves.lavigilanta.info\/?p=354\">es p\u00fablico que denosto a los destrozadores del mobiliario p\u00fablico<\/a>. Pero pretender solucionar todos los problemas de convivencia a base de videovigilancia es est\u00fapido. Surge enseguida el acostumbrarse a una situaci\u00f3n nada normal, representado por la muletilla \u00abno tengo nada que esconder\u00bb. A quienes lo piensen, recuerden que <a href=\"https:\/\/lavigilanta.info\/wordpress\/?p=2183\">detr\u00e1s de toda c\u00e1mara hay un ojo mirando, que en ocasiones decide fijarse en tus braguitas<\/a> (o en las de tu hija). La videovigilancia \u00aba granel\u00bb no es buena, y hay otras maneras de lograr un entorno m\u00e1s seguro. Miren, un ejemplo pr\u00e1ctico. Ayer pase\u00e1bamos por un parque cerca de casa y unos tipos ten\u00edan a sus perros sueltos. Se encararon con nosotras (los perros), reclamamos (a los amos) y adivinen cu\u00e1les fueron m\u00e1s animales. Total, que tras recibir una buena docena de insultos y hasta un par de amenazas de muerte, simplemente llamamos a la polic\u00eda, que se person\u00f3 a los pocos minutos y les cant\u00f3 la cartilla, es decir, la ley: a atar a los perros, poner bozal a los perros grandes, y una invitaci\u00f3n a callarse la boca para los animales de dos patas.<\/li>\n<\/ul>\n<p>Honestamente, si la administraci\u00f3n me diese a escoger qu\u00e9 hacer con el dinero de mis impuestos, descuelguen las c\u00e1maras y m\u00e9tanselas donde les quepa. Mejor me dan una buena polic\u00eda de barrio que vele por la convivencia.<\/p>\n","protected":false},"excerpt":{"rendered":"<p>La Generalitat ha creado una p\u00e1gina Web titulada \u00abColaboraci\u00f3n ciudadana contra la violencia urbana\u00ab. Se trata de una galer\u00eda de im\u00e1genes de ciudadanos, extra\u00edda de las c\u00e1maras de videovigilancia del centro de la ciudad de Barcelona, supuestamente (por lo de la presunci\u00f3n de inocencia) involucrados en los actos de violencia del d\u00eda 29 de marzo &hellip; <a href=\"https:\/\/lavigilanta.info\/?p=2187\" class=\"more-link\">Seguir leyendo <span class=\"screen-reader-text\">Sobre la Web de denuncia de la Generalitat de Catalunya<\/span> <span class=\"meta-nav\">&rarr;<\/span><\/a><\/p>\n","protected":false},"author":2,"featured_media":0,"comment_status":"open","ping_status":"open","sticky":false,"template":"","format":"standard","meta":[],"categories":[168,153],"tags":[],"_links":{"self":[{"href":"https:\/\/lavigilanta.info\/index.php?rest_route=\/wp\/v2\/posts\/2187"}],"collection":[{"href":"https:\/\/lavigilanta.info\/index.php?rest_route=\/wp\/v2\/posts"}],"about":[{"href":"https:\/\/lavigilanta.info\/index.php?rest_route=\/wp\/v2\/types\/post"}],"author":[{"embeddable":true,"href":"https:\/\/lavigilanta.info\/index.php?rest_route=\/wp\/v2\/users\/2"}],"replies":[{"embeddable":true,"href":"https:\/\/lavigilanta.info\/index.php?rest_route=%2Fwp%2Fv2%2Fcomments&post=2187"}],"version-history":[{"count":3,"href":"https:\/\/lavigilanta.info\/index.php?rest_route=\/wp\/v2\/posts\/2187\/revisions"}],"predecessor-version":[{"id":2190,"href":"https:\/\/lavigilanta.info\/index.php?rest_route=\/wp\/v2\/posts\/2187\/revisions\/2190"}],"wp:attachment":[{"href":"https:\/\/lavigilanta.info\/index.php?rest_route=%2Fwp%2Fv2%2Fmedia&parent=2187"}],"wp:term":[{"taxonomy":"category","embeddable":true,"href":"https:\/\/lavigilanta.info\/index.php?rest_route=%2Fwp%2Fv2%2Fcategories&post=2187"},{"taxonomy":"post_tag","embeddable":true,"href":"https:\/\/lavigilanta.info\/index.php?rest_route=%2Fwp%2Fv2%2Ftags&post=2187"}],"curies":[{"name":"wp","href":"https:\/\/api.w.org\/{rel}","templated":true}]}}