{"id":2142,"date":"2012-01-17T19:28:08","date_gmt":"2012-01-17T17:28:08","guid":{"rendered":"http:\/\/lavigilanta.info\/wordpress\/?p=2142"},"modified":"2012-01-17T19:59:37","modified_gmt":"2012-01-17T17:59:37","slug":"ipad-el-nuevo-traje-del-emperador","status":"publish","type":"post","link":"https:\/\/lavigilanta.info\/?p=2142","title":{"rendered":"iPad: el nuevo traje del emperador"},"content":{"rendered":"<p><a href=\"https:\/\/lavigilanta.info\/wordpress\/wp-content\/uploads\/2012\/01\/iPadHypeCartoon.jpg\"><img decoding=\"async\" loading=\"lazy\" src=\"https:\/\/lavigilanta.info\/wordpress\/wp-content\/uploads\/2012\/01\/iPadHypeCartoon-300x211.jpg\" alt=\"iPad Hype Cartoon, visto en http:\/\/www.techautos.com\/2010\/01\/28\/analysis-apple-ipad-revolution-or-flash-in-the-pan\/\" title=\"iPadHypeCartoon\" width=\"300\" height=\"211\" class=\"alignnone size-medium wp-image-2146\" srcset=\"https:\/\/lavigilanta.info\/wp-content\/uploads\/2012\/01\/iPadHypeCartoon-300x211.jpg 300w, https:\/\/lavigilanta.info\/wp-content\/uploads\/2012\/01\/iPadHypeCartoon-150x105.jpg 150w, https:\/\/lavigilanta.info\/wp-content\/uploads\/2012\/01\/iPadHypeCartoon-400x282.jpg 400w, https:\/\/lavigilanta.info\/wp-content\/uploads\/2012\/01\/iPadHypeCartoon.jpg 500w\" sizes=\"(max-width: 300px) 100vw, 300px\" \/><\/a><br \/>\nNunca me convenci\u00f3 el iPad. El iPhone, s\u00ed. Recuerdo la keynote en que Steve Jobs lo present\u00f3 y recuerdo la cara que se me qued\u00f3 durante un par de d\u00edas. Ya saben: la tecnolog\u00eda parece magia a los ojos de grupos humanos cuyo desarrollo cient\u00edfico no es capaz de explicar sus bases. Y s\u00ed, se me qued\u00f3 cara de haber visto un milagro. Pero adem\u00e1s le vi las posibilidades. Tras haber desarrollado aplicaciones m\u00f3viles verticales (en Windows CE, Windows Mobile) desde el 2000, tras haber sido cliente de Palm desde la mitad de la \u00faltima d\u00e9cada del siglo pasado, no era ajena a llevar el organizador e Internet en el bolsillo. Pero la usabilidad que proporcionan los SmartPhones, la inmediatez en la b\u00fasqueda de informaci\u00f3n y el potencial de penetraci\u00f3n en el mercado, finalmente sacando estos dispositivos del \u00e1mbito profesional\/aplicaci\u00f3n vertical y del \u00e1mbito geek, se me hicieron enormes. Unos a\u00f1os despu\u00e9s, todo esto se ha materializado. Y con creces.<\/p>\n<p>Con el iPad me pas\u00f3 al rev\u00e9s. Se me hizo un gran \u00abflop\u00bb. La gracia, lo que de verdad hace a los SmartPhones interesantes es que te los puedes poner al bolsillo, y sustituyen algo: el tel\u00e9fono m\u00f3vil convencional, del que solemos no desprendernos: te metes Internet en el bolsillo, o sea, lo sacas a la calle. \u00bfEl iPad? Un objeto de dise\u00f1o bell\u00edsimo, pero no sustituye nada. Ni a un lector de tinta electr\u00f3nica, ni a un tel\u00e9fono, ni a un ordenador, ya sea netbook, porque honestamente, <a href=\"http:\/\/wiki.versvs.net\/Tabletizaci\u00f3n\">sin teclado ni rat\u00f3n no hay creaci\u00f3n ni trabajo productivo<\/a>. Y para leer los correos de trabajo y contestar con monos\u00edlabos ya tengo el iPhone, thank you very much.<\/p>\n<p>Ya hace muchos meses desde el lanzamiento del iPad. Se han vendido millones y millones de unidades. Supongo que muchos deben de estar en la mesita de centro, mezclado con las revistas, para ser utilizado para ver videos de YouTube (o cotillear en el Facebook durante los anuncios de la tele). Porque, \u00bfen qu\u00e9 situaciones de negocio\/itinerantes lo he visto yo? (todo esto es real)<\/p>\n<ol>\n<li>El manager que llega a la reuni\u00f3n y necesita tres lugares, oiga, porque saca: el port\u00e1til del trabajo, el iPad, el iPhone, y c\u00f3mo no, el cuaderno de notas y el boli (que es con el que acaba trabajando). RID\u00cdCULO.<\/li>\n<li>El ejecutivo de pose en la cafeter\u00eda del AVE, balance\u00e1ndose de lado a otro en la cola del caf\u00e9 mientras intenta acertar en la tecla correcta a dedazos, muy esforzado. Y todos los dem\u00e1s mir\u00e1ndolo con sorna. RID\u00cdCULO.<\/li>\n<li>El junior en el avi\u00f3n \u00a1viendo pel\u00edculas de Disney! en un vuelo a Canc\u00fan. Tan alto, tan fornido, tan de gimnasio, tan pinta de VP en la empresa de pap\u00e1, tan con pinta de Pocholo de vacaciones en el Caribe en un reportaje del \u00a1Hola! cualquiera, y viendo Cars en el iPad. RID\u00cdCULO.<\/li>\n<li>El turista ruso en el Parque G\u00fcell haci\u00e9ndole fotos a su novia con el iPad. Interesante efecto \u00f3ptico. Es como si fuera un hobbit con un SmartPhone, que se ve que le queda grande, pero, oh wait! Luego ves que el turista tiene el tama\u00f1o de los otros turistas que est\u00e1n haciendo fotos similares. Y al final caes: \u00a1es un iPad lo que est\u00e1 usando! De verdad que se ve&#8230; RID\u00cdCULO.<\/li>\n<\/ol>\n<p>El iPad lo veo ideal para ciertas aplicaciones verticales en ciertos roles de trabajo muy concretos. Y para ver YouTube tirado en el sof\u00e1, como ya he dicho. Pero si leemos la prensa especializada, \u00bfqu\u00e9 es lo que se dice?<\/p>\n<p><strong>Titular en prensa<\/strong>: Seg\u00fan Tim Cook en su primera Keynote (el d\u00eda de antes de la muerte de Jobs), <a href=\"http:\/\/www.redorbit.com\/news\/technology\/1112394788\/and-the-verdict-is-iphone-4s\/\">el 80% de los hospitales en Estados Unidos est\u00e1n o bien desplegando soluciones basadas en iPad o prob\u00e1ndolas<\/a>.<br \/>\n<strong>Realidad<\/strong>: \u00a1Pues ser\u00e1 en el hospital del Dr House! Pero bueno, aceptemos que en Estados Unidos hay muchos m\u00e9dicos muy bien pagados y que se hayan comprado su propio juguetito y <a href=\"http:\/\/www.cultofmac.com\/57226\/three-million-doctors-download-iphone-stethoscope-app\/\">se hayan instalado una \u00abapp\u00bb de estetoscopio<\/a>. <a href=\"http:\/\/www.imedicalapps.com\/2010\/03\/top-ipad-medical-apps-clinicians\/\">En realidad hay muchas aplicaciones m\u00e9dicas para iOS<\/a>, pero si hablamos de sistemas hospitalarios de verdad, el veredicto es muy distinto. Jobs desde\u00f1a el uso de la encriptaci\u00f3n de datos en sus dispositivos iOS. Los creadores de software cl\u00ednico est\u00e1n como locos intentando cumplir con la legislaci\u00f3n vigente (tanto en EEUU como en Europa), el resultado pasa por usar emuladores de sesi\u00f3n remota tipo Citrix para asegurarse que ni un bit cl\u00ednico se guarde en el dispositivo. El resultado deja mucho que desear desde el punto de vista de la usabilidad. <a href=\"http:\/\/www.cio.in\/article\/ipad-healthcare-not-so-fast\">Not so fast, Mr Cook!<\/a><br \/>\n<strong>El traje nuevo del emperador<\/strong> (la copla con la que se quedan los que solamente se leen el titular): los m\u00e9dicos no podr\u00edan vivir sin iPads.<\/p>\n<p><strong>Titular en prensa<\/strong>: <a href=\"http:\/\/www.eleconomista.es\/empresas-finanzas\/noticias\/3672062\/01\/12\/el-informe-de-idg-connect-revela-que-el-91-de-los-empresarios-y-profesionales-de-ti-del-mundo-utilizan-su-ipad-para-comunicaciones-laborales.html\">El informe de IDG Connect revela que el 91% de los empresarios y profesionales de TI del mundo utilizan su iPad para comunicaciones laborales<\/a>. Miren, lean el <a href=\"http:\/\/www.idgconnect.com\/research_item\/8007?source=connect\">informe<\/a> en s\u00ed. Supongo que se estar\u00e1n frotando los ojos igual que yo. Ver para creer&#8230;<br \/>\n<strong>Realidad<\/strong>: Whaat?? No querr\u00e1n decir \u00abt\u00e9cnicos de ventas\u00bb o \u00abejecutivos fardones\u00bb? Honestamente, yo me muevo en este mundillo y es dif\u00edcil ver a un profesional TIC con un iPad. A muchos normalmente no nos gustan, desde luego no para trabajar, porque insisto, <a href=\"http:\/\/wiki.versvs.net\/Tabletizaci\u00f3n\">sin rat\u00f3n ni teclado no hay quien escriba<\/a>.<br \/>\n<strong>La copla con la que se queda el mundo en general<\/strong>: Buf, qu\u00e9 buenos los tablets, \u00a1si hasta los profesionales se han cambiado de bando!<\/p>\n<p>Pardiez, que est\u00e1bamos ante un bluff (muy lucrativo para Apple, igual que tambi\u00e9n lo es la venta de hamburguesas de McDonalds y ya sabemos que no son muy nutritivas) estaba claro, pero \u00bfqu\u00e9 es esta tendencia a met\u00e9rnoslo por los ojos? \u00bfPor hacernos creer que son la bomba? Y ahora esta insistencia en mentir y tergiversar informaci\u00f3n me da mucho qu\u00e9 pensar. Me parece que est\u00e1 cercano el d\u00eda en que un ni\u00f1o se plante y apuntando con el dedo exclame a todo pulm\u00f3n:<\/p>\n<blockquote><p>Pap\u00e1, pap\u00e1, \u00a1<strong>el emperador va desnudo<\/strong>!<\/p><\/blockquote>\n","protected":false},"excerpt":{"rendered":"<p>Nunca me convenci\u00f3 el iPad. El iPhone, s\u00ed. Recuerdo la keynote en que Steve Jobs lo present\u00f3 y recuerdo la cara que se me qued\u00f3 durante un par de d\u00edas. Ya saben: la tecnolog\u00eda parece magia a los ojos de grupos humanos cuyo desarrollo cient\u00edfico no es capaz de explicar sus bases. Y s\u00ed, se &hellip; <a href=\"https:\/\/lavigilanta.info\/?p=2142\" class=\"more-link\">Seguir leyendo <span class=\"screen-reader-text\">iPad: el nuevo traje del emperador<\/span> <span class=\"meta-nav\">&rarr;<\/span><\/a><\/p>\n","protected":false},"author":2,"featured_media":0,"comment_status":"open","ping_status":"open","sticky":false,"template":"","format":"standard","meta":[],"categories":[189],"tags":[],"_links":{"self":[{"href":"https:\/\/lavigilanta.info\/index.php?rest_route=\/wp\/v2\/posts\/2142"}],"collection":[{"href":"https:\/\/lavigilanta.info\/index.php?rest_route=\/wp\/v2\/posts"}],"about":[{"href":"https:\/\/lavigilanta.info\/index.php?rest_route=\/wp\/v2\/types\/post"}],"author":[{"embeddable":true,"href":"https:\/\/lavigilanta.info\/index.php?rest_route=\/wp\/v2\/users\/2"}],"replies":[{"embeddable":true,"href":"https:\/\/lavigilanta.info\/index.php?rest_route=%2Fwp%2Fv2%2Fcomments&post=2142"}],"version-history":[{"count":8,"href":"https:\/\/lavigilanta.info\/index.php?rest_route=\/wp\/v2\/posts\/2142\/revisions"}],"predecessor-version":[{"id":2152,"href":"https:\/\/lavigilanta.info\/index.php?rest_route=\/wp\/v2\/posts\/2142\/revisions\/2152"}],"wp:attachment":[{"href":"https:\/\/lavigilanta.info\/index.php?rest_route=%2Fwp%2Fv2%2Fmedia&parent=2142"}],"wp:term":[{"taxonomy":"category","embeddable":true,"href":"https:\/\/lavigilanta.info\/index.php?rest_route=%2Fwp%2Fv2%2Fcategories&post=2142"},{"taxonomy":"post_tag","embeddable":true,"href":"https:\/\/lavigilanta.info\/index.php?rest_route=%2Fwp%2Fv2%2Ftags&post=2142"}],"curies":[{"name":"wp","href":"https:\/\/api.w.org\/{rel}","templated":true}]}}