{"id":213,"date":"2006-08-16T10:23:00","date_gmt":"2006-08-16T10:23:00","guid":{"rendered":"http:\/\/lavigilanta.info\/wordpress\/?p=213"},"modified":"2006-08-16T10:23:00","modified_gmt":"2006-08-16T10:23:00","slug":"en-ciudad-de-mexico-brazalete-electronico-para-los-delincuentes-primerizos","status":"publish","type":"post","link":"https:\/\/lavigilanta.info\/?p=213","title":{"rendered":"En Ciudad de M\u00e9xico, brazalete electr\u00f3nico para los delincuentes primerizos"},"content":{"rendered":"<p>En <a href=\"http:\/\/www.chilangabanda.com\/2006\/08\/14\/brazaletes-para-primodelincuentes\/\">Chilangabanda<\/a> leemos que ayer 15 de agosto se aprob\u00f3, para el Distrito Federal, la ley que ampara el proyecto de vigilancia de delincuentes sin antecedentes previos. Se trata de dar una segunda oportunidad a los chavales antes de meterlos \u00aben el bote\u00bb (=en la c\u00e1rcel), de donde se sale mucho peor que se entra.<\/p>\n<p>La supervisi\u00f3n, pues, de estos \u00abchoricillos\u00bb (=ladronzuelos) se hace en tres fases:<\/p>\n<p>1. Primeros quince d\u00edas: no deben salir de casa, se supone para que mejoren sus relaciones familiares.<br \/>2. Siguientes quince d\u00edas: tienen que ir a trabajar todos los d\u00edas. <br \/>3. No lo indican en mi fuente \ud83d\ude09<\/p>\n<p>El programa todav\u00eda no se puede poner en marcha porque a\u00fan est\u00e1 por desarrollar el proyecto: selecci\u00f3n de tecnolog\u00eda, compra de equipos, etc. Aunque dicen que en el Gobierno del DF se asegura que estar\u00e1 implantado el proyecto y en marcha el programa antes del cambio de gobierno local [nota: las elecciones se hicieron el 2 de julio, junto con las presidenciales, as\u00ed que se supone que es cuesti\u00f3n de meses que est\u00e9 acabado].<\/p>\n<p>Otro de los dilemas de la vigilancia, que no todo es blanco o negro, las cosas pueden ser buenas o malas seg\u00fan el uso &#8211; para estos chavales, el no pasar por la c\u00e1rcel a tan temprana edad aunque est\u00e9n vigilados unos meses \u00ables puede salvar de una vida bastante perra, la de delincuente de medio pelo\u00bb.<\/p>\n<p>Tags Technorati: <a href=\"http:\/\/technorati.com\/tag\/Mexico\" rel=\"tag\">M\u00e9xico<\/a>, <a href=\"http:\/\/technorati.com\/tag\/privacidad\" rel=\"tag\">privacidad<\/a><\/p>\n","protected":false},"excerpt":{"rendered":"<p>En Chilangabanda leemos que ayer 15 de agosto se aprob\u00f3, para el Distrito Federal, la ley que ampara el proyecto de vigilancia de delincuentes sin antecedentes previos. Se trata de dar una segunda oportunidad a los chavales antes de meterlos \u00aben el bote\u00bb (=en la c\u00e1rcel), de donde se sale mucho peor que se entra. &hellip; <a href=\"https:\/\/lavigilanta.info\/?p=213\" class=\"more-link\">Seguir leyendo <span class=\"screen-reader-text\">En Ciudad de M\u00e9xico, brazalete electr\u00f3nico para los delincuentes primerizos<\/span> <span class=\"meta-nav\">&rarr;<\/span><\/a><\/p>\n","protected":false},"author":2,"featured_media":0,"comment_status":"open","ping_status":"open","sticky":false,"template":"","format":"standard","meta":[],"categories":[1],"tags":[],"_links":{"self":[{"href":"https:\/\/lavigilanta.info\/index.php?rest_route=\/wp\/v2\/posts\/213"}],"collection":[{"href":"https:\/\/lavigilanta.info\/index.php?rest_route=\/wp\/v2\/posts"}],"about":[{"href":"https:\/\/lavigilanta.info\/index.php?rest_route=\/wp\/v2\/types\/post"}],"author":[{"embeddable":true,"href":"https:\/\/lavigilanta.info\/index.php?rest_route=\/wp\/v2\/users\/2"}],"replies":[{"embeddable":true,"href":"https:\/\/lavigilanta.info\/index.php?rest_route=%2Fwp%2Fv2%2Fcomments&post=213"}],"version-history":[{"count":0,"href":"https:\/\/lavigilanta.info\/index.php?rest_route=\/wp\/v2\/posts\/213\/revisions"}],"wp:attachment":[{"href":"https:\/\/lavigilanta.info\/index.php?rest_route=%2Fwp%2Fv2%2Fmedia&parent=213"}],"wp:term":[{"taxonomy":"category","embeddable":true,"href":"https:\/\/lavigilanta.info\/index.php?rest_route=%2Fwp%2Fv2%2Fcategories&post=213"},{"taxonomy":"post_tag","embeddable":true,"href":"https:\/\/lavigilanta.info\/index.php?rest_route=%2Fwp%2Fv2%2Ftags&post=213"}],"curies":[{"name":"wp","href":"https:\/\/api.w.org\/{rel}","templated":true}]}}