{"id":211,"date":"2006-08-11T08:59:00","date_gmt":"2006-08-11T08:59:00","guid":{"rendered":"http:\/\/lavigilanta.info\/wordpress\/?p=211"},"modified":"2006-08-11T08:59:00","modified_gmt":"2006-08-11T08:59:00","slug":"la-consulta-publica-de-la-ue-sobre-los-tags-rfid","status":"publish","type":"post","link":"https:\/\/lavigilanta.info\/?p=211","title":{"rendered":"La consulta p\u00fablica de la UE sobre los tags RFID"},"content":{"rendered":"<p><a href=\"http:\/\/photos1.blogger.com\/blogger\/4649\/1161\/1600\/european%20union.0.jpg\"><img decoding=\"async\" style=\"cursor:pointer; cursor:hand;\" src=\"http:\/\/photos1.blogger.com\/blogger\/4649\/1161\/320\/european%20union.0.jpg\" border=\"0\" alt=\"\" \/><\/a><br \/>Ya en marzo anunciamos aqu\u00ed que <a href=\"http:\/\/lavigilanta.blogspot.com\/2006\/03\/la-comisin-europea-lanza-una-consulta.html\">la UE iba a lanzar una campa\u00f1a de consulta popular sobre el uso de la tecnolog\u00eda RFID<\/a>.<\/p>\n<p>Me dej\u00e9 los ojos en la fabulosa web de la <a href=\"http:\/\/www.europa.eu\">Uni\u00f3n Europea<\/a> buscando alg\u00fan enlace hacia el foro de consulta popular, y me qued\u00e9 sin ojos.<\/p>\n<p>Ahora gracias a un enlace de <a href=\"http:\/\/blog.organicadtm.com\/2006\/07\/21\/la-comision-europea-lanza-una-consulta-publica-on-line-sobre-la-identificacion-por-radiofrecuencias-rfid\/\">org\u00e1nica<\/a> hemos encontrado el enlace a dicha consulta popular.<\/p>\n<p>Estas son las referencias a la consulta:<\/p>\n<p><a href=\"http:\/\/ec.europa.eu\/yourvoice\/ipm\/forms\/dispatch?form=RFID\">Enlace a la consulta popular de la Uni\u00f3n Europea sobre tecnolog\u00edas RFID<\/a> en Tu Voz en Europa.<\/p>\n<p><a href=\"http:\/\/www.rfidconsultation.eu\/\">El sitio web dedicado a la consulta RFID de la UE<\/a>.<\/p>\n","protected":false},"excerpt":{"rendered":"<p>Ya en marzo anunciamos aqu\u00ed que la UE iba a lanzar una campa\u00f1a de consulta popular sobre el uso de la tecnolog\u00eda RFID. Me dej\u00e9 los ojos en la fabulosa web de la Uni\u00f3n Europea buscando alg\u00fan enlace hacia el foro de consulta popular, y me qued\u00e9 sin ojos. Ahora gracias a un enlace de &hellip; <a href=\"https:\/\/lavigilanta.info\/?p=211\" class=\"more-link\">Seguir leyendo <span class=\"screen-reader-text\">La consulta p\u00fablica de la UE sobre los tags RFID<\/span> <span class=\"meta-nav\">&rarr;<\/span><\/a><\/p>\n","protected":false},"author":2,"featured_media":0,"comment_status":"open","ping_status":"open","sticky":false,"template":"","format":"standard","meta":[],"categories":[1],"tags":[],"_links":{"self":[{"href":"https:\/\/lavigilanta.info\/index.php?rest_route=\/wp\/v2\/posts\/211"}],"collection":[{"href":"https:\/\/lavigilanta.info\/index.php?rest_route=\/wp\/v2\/posts"}],"about":[{"href":"https:\/\/lavigilanta.info\/index.php?rest_route=\/wp\/v2\/types\/post"}],"author":[{"embeddable":true,"href":"https:\/\/lavigilanta.info\/index.php?rest_route=\/wp\/v2\/users\/2"}],"replies":[{"embeddable":true,"href":"https:\/\/lavigilanta.info\/index.php?rest_route=%2Fwp%2Fv2%2Fcomments&post=211"}],"version-history":[{"count":0,"href":"https:\/\/lavigilanta.info\/index.php?rest_route=\/wp\/v2\/posts\/211\/revisions"}],"wp:attachment":[{"href":"https:\/\/lavigilanta.info\/index.php?rest_route=%2Fwp%2Fv2%2Fmedia&parent=211"}],"wp:term":[{"taxonomy":"category","embeddable":true,"href":"https:\/\/lavigilanta.info\/index.php?rest_route=%2Fwp%2Fv2%2Fcategories&post=211"},{"taxonomy":"post_tag","embeddable":true,"href":"https:\/\/lavigilanta.info\/index.php?rest_route=%2Fwp%2Fv2%2Ftags&post=211"}],"curies":[{"name":"wp","href":"https:\/\/api.w.org\/{rel}","templated":true}]}}