{"id":21,"date":"2005-08-25T12:01:00","date_gmt":"2005-08-25T12:01:00","guid":{"rendered":"http:\/\/lavigilanta.info\/wordpress\/?p=21"},"modified":"2005-08-25T12:01:00","modified_gmt":"2005-08-25T12:01:00","slug":"email-a-mis-amigos-por-el-tema-de-retencion-de-datos-de-la-ue","status":"publish","type":"post","link":"https:\/\/lavigilanta.info\/?p=21","title":{"rendered":"Email a mis amigos por el tema de retenci\u00f3n de datos de la UE"},"content":{"rendered":"<p>Ojal\u00e1 de esto se hiciera una espiral viral.<\/p>\n<p>Hola chic@s:<\/p>\n<p>En alg\u00fan momento de las \u00abpausas-caf\u00e9\u00bb compartidas seguro que os he hablado de los problemas de privacidad que est\u00e1n apareciendo a ra\u00edz de los avances de nuestra querida ciencia inform\u00e1tica.<\/p>\n<p>A ra\u00edz de los atentados de Madrid se empez\u00f3 a trabajar en la UE sobre una propuesta para la retenci\u00f3n durante 3 a\u00f1os y entrega a las fuerzas de seguridad de absolutamente todos los datos de tr\u00e1fico internet y de telefon\u00eda que se realicen en los pa\u00edses miembros de la Uni\u00f3n.<\/p>\n<p>Despu\u00e9s de los atentados de Londres de este verano, el tema se ha acelerado e incluso se dice que la directiva al respecto se aprobar\u00e1 en octubre de este a\u00f1o.<\/p>\n<p>Hay mucha gente en contra: las \u00abtelecos\u00bb y otras industrias del sector est\u00e1n alzando la voz para avisar que no es factible  hoy en d\u00eda implementar estas medidas. Por otro lado, los entendidos en el tema de los derechos digitales est\u00e1n diciendo que la medida, aunque t\u00e9cnicamente se pudiera realizar, es totalmente in\u00fatil en la lucha contra el terrorismo (muy \u00fatil para controlar movimientos ciudadanos, pero para el terrorismo rotundamente NO).<\/p>\n<p>Se acaba de montar una campa\u00f1a para recoger firmas de ciudadanos de la UE que est\u00e9n en contra de esta medida. De momento van 30.000 firmas, la mayor\u00eda en Holanda y Alemania. Espa\u00f1a ni aparece en el ranking.<\/p>\n<p>Si quer\u00e9is firmar la petici\u00f3n, aqu\u00ed ten\u00e9is el link.<\/p>\n<p>http:\/\/www.stopdataretention.com\/index.php?lang=es<\/p>\n<p>Para vuestra informaci\u00f3n, la medida va en contra de la declaraci\u00f3n universal de derechos humanos de la ONU, que en su art\u00edculo 12 (y en ingl\u00e9s, perd\u00f3n) dice as\u00ed:<\/p>\n<p>\u00abNo one shall be subjected to arbitrary interference with his privacy, family, home or correspondence, nor to attacks upon his honour and reputation. Everyone has the right to the protection of the law against such interference or attacks.\u00bb<\/p>\n<p>Y tambi\u00e9n en contra de la convenci\u00f3n europea sobre derechos humanos de la misma Uni\u00f3n Europea, que en su art\u00edculo 8 dice (tambi\u00e9n en ingl\u00e9s):<\/p>\n<p>\u00abArticle 8 &#8211; right to respect for private life<br \/>Article 8 provides a right to respect for one&#8217;s \u00abprivate and family life, his home and his correspondence\u00bb, subject to certain restrictions that are \u00abin accordance with law\u00bb and \u00abnecessary in a democratic society\u00bb. This article clearly provides a right to be free of unlawful searches, but the Court has given the protection for \u00abprivate and family life\u00bb this article provides a broad interpretation, taking for instance that prohibition of private consensual homosexual acts violates this article. This may be compared to the jurisprudence of the United States Supreme Court, which has also adopted a somewhat broad interpretation of the right to privacy. Furthermore, Article 8 sometimes comprises positive obligations: whereas classical human rights are formulated as prohibiting a State from interfering with rights, and thus not to do something (e.g. not to separate a family under family life protection), the effective enjoyment of such rights may also include an obligation for the State to become active, and to do something (e.g. to enforce access for a divorced father to his child).\u00bb<\/p>\n<p>Ya para finalizar, como inspiraci\u00f3n me parece muy acertada esta cita de Taylor Caldwell, una escritora de novela-ficci\u00f3n-hist\u00f3rica, g\u00e9nero que tan de moda est\u00e1 ahora, pero que ella cultiva desde los a\u00f1os 70.<\/p>\n<p>\u00abEn Grecia se llev\u00f3 a cabo el primer movimiento para controlar y limitar el poder del gobierno, para dar voz al pueblo en ese gobierno y animarlo a votar y a expresar sus opiniones. Que m\u00e1s tarde esos mismos hombres -y s\u00f3lo por un poco de seguridad- se sintieran encantados de renunciar a su derecho a la libertad de palabra y a refrenar a su gobierno cuando fuese tir\u00e1nico, es una triste lecci\u00f3n hist\u00f3rica que se ha repetido una y otra vez desde los d\u00edas de Pericles.\u00bb<\/p>\n<p>TAYLOR CALDWELL, pr\u00f3logo de <br \/>GLORY AND THE LIGHTNING (Gloria <br \/>y resplandor), 1974<\/p>\n<p>Si quer\u00e9is saber m\u00e1s del tema, \u00a1preguntadme en la siguiente \u00abpausa-caf\u00e9\u00bb! Y si quer\u00e9is pasar este email a quien cre\u00e1is pertinente, no dud\u00e9is en hacerlo.<\/p>\n<p>Perd\u00f3n por el rollo y saludos.<\/p>\n<p>Eva<\/p>\n","protected":false},"excerpt":{"rendered":"<p>Ojal\u00e1 de esto se hiciera una espiral viral. Hola chic@s: En alg\u00fan momento de las \u00abpausas-caf\u00e9\u00bb compartidas seguro que os he hablado de los problemas de privacidad que est\u00e1n apareciendo a ra\u00edz de los avances de nuestra querida ciencia inform\u00e1tica. A ra\u00edz de los atentados de Madrid se empez\u00f3 a trabajar en la UE sobre &hellip; <a href=\"https:\/\/lavigilanta.info\/?p=21\" class=\"more-link\">Seguir leyendo <span class=\"screen-reader-text\">Email a mis amigos por el tema de retenci\u00f3n de datos de la UE<\/span> <span class=\"meta-nav\">&rarr;<\/span><\/a><\/p>\n","protected":false},"author":2,"featured_media":0,"comment_status":"open","ping_status":"open","sticky":false,"template":"","format":"standard","meta":[],"categories":[1],"tags":[],"_links":{"self":[{"href":"https:\/\/lavigilanta.info\/index.php?rest_route=\/wp\/v2\/posts\/21"}],"collection":[{"href":"https:\/\/lavigilanta.info\/index.php?rest_route=\/wp\/v2\/posts"}],"about":[{"href":"https:\/\/lavigilanta.info\/index.php?rest_route=\/wp\/v2\/types\/post"}],"author":[{"embeddable":true,"href":"https:\/\/lavigilanta.info\/index.php?rest_route=\/wp\/v2\/users\/2"}],"replies":[{"embeddable":true,"href":"https:\/\/lavigilanta.info\/index.php?rest_route=%2Fwp%2Fv2%2Fcomments&post=21"}],"version-history":[{"count":0,"href":"https:\/\/lavigilanta.info\/index.php?rest_route=\/wp\/v2\/posts\/21\/revisions"}],"wp:attachment":[{"href":"https:\/\/lavigilanta.info\/index.php?rest_route=%2Fwp%2Fv2%2Fmedia&parent=21"}],"wp:term":[{"taxonomy":"category","embeddable":true,"href":"https:\/\/lavigilanta.info\/index.php?rest_route=%2Fwp%2Fv2%2Fcategories&post=21"},{"taxonomy":"post_tag","embeddable":true,"href":"https:\/\/lavigilanta.info\/index.php?rest_route=%2Fwp%2Fv2%2Ftags&post=21"}],"curies":[{"name":"wp","href":"https:\/\/api.w.org\/{rel}","templated":true}]}}