{"id":205,"date":"2006-06-20T17:55:00","date_gmt":"2006-06-20T17:55:00","guid":{"rendered":"http:\/\/lavigilanta.info\/wordpress\/?p=205"},"modified":"2006-06-20T17:55:00","modified_gmt":"2006-06-20T17:55:00","slug":"irrepressible-la-nueva-campana-en-contra-de-la-represion-y-la-censura-en-internet","status":"publish","type":"post","link":"https:\/\/lavigilanta.info\/?p=205","title":{"rendered":"irrepressible: la nueva campa\u00f1a en contra de la represi\u00f3n y la censura en Internet"},"content":{"rendered":"<p>Leo en la newsletter de <a href=\"http:\/\/www.edri.org\/\">EDRI<\/a> sobre la nueva campa\u00f1a de Amnist\u00eda Internacional en contra de la censura en Internet (y represi\u00f3n en vivo y en directo por lo que has escrito \/ leido en ese medio).<\/p>\n<p>Una cosa importante de esta campa\u00f1a es que animan a los que en principio vivimos en pa\u00edses con libertad de expresi\u00f3n a publicar fragmentos de material \u00abrepresible\u00bb en nuestros blogs o p\u00e1ginas web&#8230; la idea es similar a aquella de hace unos a\u00f1os, de a\u00f1adir palabras \u00abdelicadas\u00bb autom\u00e1ticamente a nuestros emails para volver loco al sistema Echelon.<\/p>\n<p>En el sitio web de la campa\u00f1a pod\u00e9is encontrar el script que podemos usar para hacer esta publicaci\u00f3n autom\u00e1tica. Os animo a visitarla.<\/p>\n<p><a href=\"http:\/\/irrepressible.info\/\"><img decoding=\"async\" src=\"http:\/\/photos1.blogger.com\/blogger\/4649\/1161\/320\/irepressible.gif\" border=\"0\" alt=\"\" \/><\/a><\/p>\n","protected":false},"excerpt":{"rendered":"<p>Leo en la newsletter de EDRI sobre la nueva campa\u00f1a de Amnist\u00eda Internacional en contra de la censura en Internet (y represi\u00f3n en vivo y en directo por lo que has escrito \/ leido en ese medio). Una cosa importante de esta campa\u00f1a es que animan a los que en principio vivimos en pa\u00edses con &hellip; <a href=\"https:\/\/lavigilanta.info\/?p=205\" class=\"more-link\">Seguir leyendo <span class=\"screen-reader-text\">irrepressible: la nueva campa\u00f1a en contra de la represi\u00f3n y la censura en Internet<\/span> <span class=\"meta-nav\">&rarr;<\/span><\/a><\/p>\n","protected":false},"author":2,"featured_media":0,"comment_status":"open","ping_status":"open","sticky":false,"template":"","format":"standard","meta":[],"categories":[1],"tags":[],"_links":{"self":[{"href":"https:\/\/lavigilanta.info\/index.php?rest_route=\/wp\/v2\/posts\/205"}],"collection":[{"href":"https:\/\/lavigilanta.info\/index.php?rest_route=\/wp\/v2\/posts"}],"about":[{"href":"https:\/\/lavigilanta.info\/index.php?rest_route=\/wp\/v2\/types\/post"}],"author":[{"embeddable":true,"href":"https:\/\/lavigilanta.info\/index.php?rest_route=\/wp\/v2\/users\/2"}],"replies":[{"embeddable":true,"href":"https:\/\/lavigilanta.info\/index.php?rest_route=%2Fwp%2Fv2%2Fcomments&post=205"}],"version-history":[{"count":0,"href":"https:\/\/lavigilanta.info\/index.php?rest_route=\/wp\/v2\/posts\/205\/revisions"}],"wp:attachment":[{"href":"https:\/\/lavigilanta.info\/index.php?rest_route=%2Fwp%2Fv2%2Fmedia&parent=205"}],"wp:term":[{"taxonomy":"category","embeddable":true,"href":"https:\/\/lavigilanta.info\/index.php?rest_route=%2Fwp%2Fv2%2Fcategories&post=205"},{"taxonomy":"post_tag","embeddable":true,"href":"https:\/\/lavigilanta.info\/index.php?rest_route=%2Fwp%2Fv2%2Ftags&post=205"}],"curies":[{"name":"wp","href":"https:\/\/api.w.org\/{rel}","templated":true}]}}