{"id":1977,"date":"2011-08-19T12:39:48","date_gmt":"2011-08-19T10:39:48","guid":{"rendered":"http:\/\/lavigilanta.info\/wordpress\/?p=1977"},"modified":"2011-08-19T14:45:24","modified_gmt":"2011-08-19T12:45:24","slug":"la-importancia-de-no-salir-al-mercado-rapidamente-hp-descontinua-el-desarrollo-de-webos","status":"publish","type":"post","link":"https:\/\/lavigilanta.info\/?p=1977","title":{"rendered":"La importancia de (no) salir al mercado r\u00e1pidamente: HP descontin\u00faa el desarrollo de WebOS"},"content":{"rendered":"<p><a href=\"https:\/\/lavigilanta.info\/wordpress\/wp-content\/uploads\/2011\/08\/Palm-pre-y-iiie.bmp\"><img decoding=\"async\" src=\"https:\/\/lavigilanta.info\/wordpress\/wp-content\/uploads\/2011\/08\/Palm-pre-y-iiie.bmp\" alt=\"Fotos de Palm IIIe y Palm Pr\u00e9\" title=\"Palm IIIe y Palm Pr\u00e9\" class=\"alignnone size-full wp-image-1978\" \/><\/a><br \/>\nMi historia de amor con los temas de movilidad se inici\u00f3 en 1998, cuando en un arrebato consumista me compr\u00e9 una <a href=\"http:\/\/en.wikipedia.org\/wiki\/Palm_III\">Palm IIIe<\/a> en el aeropuerto de Heathrow. Ah, qu\u00e9 dispositivo. Era una agenda viva, que te recordaba a base de pitidos d\u00f3nde ten\u00edas que estar en cada momento, a la que se le pod\u00edan cargar aplicaciones y jueguecitos, y que ten\u00eda el mejor m\u00e9todo de introducci\u00f3n de texto (el reconocimiento de trazos <a href=\"http:\/\/www.suite101.com\/lesson.cfm\/16605\/34\">Graffiti<\/a>) que haya conocido hasta la fecha (solo compite con \u00e9l mi viejo tel\u00e9fono Nokia usando el reconocimiento de textos T9 &#8211; los tecladitos de las pantallas t\u00e1ctiles tanto resistivas como capacitivas me desesperan y de hecho me han sacado m\u00e1s de una cana). Por eso Palm para m\u00ed siempre ser\u00e1 especial.<\/p>\n<p>El canto de cisne de Palm fue el SmartPhone <a href=\"http:\/\/www.hpwebos.com\/es\/es\/products\/phones\/pre\/index.html\">Palm Pr\u00e9<\/a>, para m\u00ed el m\u00e1s bonito que se haya hecho hasta la fecha, y que fue presentado sin demasiado bombo ni platillo (pese a ser el producto m\u00e1s esperado) en la <a href=\"http:\/\/www.palminfocenter.com\/news\/9696\/palm-mobile-world-congress-coverage-wrapup\/\">edici\u00f3n del 2009 del World Mobile Congress<\/a>. Bonito y ultranovedoso, tanto en t\u00e9rminos de hardware como de software: la carga de bater\u00eda se hac\u00eda de modo inal\u00e1mbrico (<a href=\"http:\/\/appleweblog.com\/2011\/06\/apple-patenta-un-sistema-inalambrico-para-cargar-baterias\">Apple ha tardado dos a\u00f1os m\u00e1s siquiera en patentar una cosa similar<\/a>, y no estar\u00e1 listo para usarse al menos hasta su iPhone 5, previsto para septiembre de este a\u00f1o). Ten\u00eda un teclado f\u00edsico muy delgado que no afectaba casi el tama\u00f1o total y el peso del tel\u00e9fono, y dispon\u00eda del entonces sistema operativo para m\u00f3viles m\u00e1s avanzado: el <a href=\"http:\/\/es.wikipedia.org\/wiki\/HP_webOS\">WebOS<\/a>, basado en Linux, ultraligero, pensado por y para la Web, y que se basaba en cosas en aquellos momentos tan novedosas como <a href=\"http:\/\/www.w3.org\/TR\/html5\/\">HTML5<\/a>. <\/p>\n<p>La cosa no funcion\u00f3. Las ventas del Pr\u00e9 fueron <a href=\"http:\/\/gigaom.com\/2009\/11\/12\/palm-pre-sales-in-substantial-decline-analyst\/\">decepcionantes en Estados Unidos y en Europa, pr\u00e1cticamente inexistentes<\/a>. Encontrar un desarrollador de aplicaciones para WebOS, especialmente en ese tiempo de \u00abboom\u00bb en los app markets de Apple y Android, una rareza. En abril de 2010, ocurre lo inevitable: la situaci\u00f3n es insostenible y alguien se la come. <a href=\"http:\/\/www.hp.com\/hpinfo\/newsroom\/press\/2010\/100428xa.html\">HP anuncia que compra Palm por 1.200 millones de d\u00f3lares<\/a>.<\/p>\n<p>Desde entonces, \u00bfhan visto que HP, que hace una d\u00e9cada construy\u00f3 un din\u00e1mico negocio de agendas de mano (o PDAs) basadas en Windows Mobile, la conocida <a href=\"http:\/\/www8.hp.com\/mx\/es\/products\/handhelds\/product-detail.html?oid=3544256&#038;jumpid=in_R4273_mx_es_smb_psg\/sb\/lobby_handheld_Hp_iPAQ_116_title\/20110110\">l\u00ednea iPAQ<\/a>,  haga algo con WebOS o con la Palm Pr\u00e9? No, yo tampoco. De hecho no se o\u00eda nada del asunto hasta hoy.<\/p>\n<p>\u00bfY qu\u00e9 es lo que ha pasado hoy? Pues que HP tira la toalla. Quiz\u00e1s como reacci\u00f3n a lo acontecido esta semana en torno a la compra de Motorola Mobility por parte de Google y el posible gran empuje que esto le d\u00e9 a Android, pero seguro que por una miriada de otras cosas que jam\u00e1s conoceremos, <a href=\"http:\/\/es.engadget.com\/2011\/08\/18\/hp-discontinua-el-desarrollo-de-dispositivos-webos-oficial\/\">HP acaba de anunciar que abandona el desarrollo de WebOS<\/a>. Se ponen a buscar comprador para ese producto, y de hecho \u00abinician una v\u00eda de exploraci\u00f3n para la venta de su divisi\u00f3n de sistemas personales (ordenadores para gran consumo)\u00bb.<\/p>\n<p>No nos cansamos de decir que estar sentado encima de un producto genial es un harakiri en toda la regla. Desafortunadamente, muchas corporaciones est\u00e1n tan obesas que son incapaces de actuar de modo \u00e1gil, especialmente en las altas esferas, all\u00e1 donde se toman las decisiones importantes. Si ya da intranquilidad dormir al lado de un elefante, \u00a1<a href=\"https:\/\/lavigilanta.info\/wordpress\/wp-admin\/post.php?post=1960&#038;action=edit\">no me puedo imaginar lo que debe ser tenerlo dentro de la tienda de campa\u00f1a<\/a>!<\/p>\n<p>RIP otra vez, Palm. Gracias por los buenos momentos, y que descanses en paz, esperemos temporalmente, \u00a1y que esta vez te compre alguien que te quiera usar!<\/p>\n","protected":false},"excerpt":{"rendered":"<p>Mi historia de amor con los temas de movilidad se inici\u00f3 en 1998, cuando en un arrebato consumista me compr\u00e9 una Palm IIIe en el aeropuerto de Heathrow. Ah, qu\u00e9 dispositivo. Era una agenda viva, que te recordaba a base de pitidos d\u00f3nde ten\u00edas que estar en cada momento, a la que se le pod\u00edan &hellip; <a href=\"https:\/\/lavigilanta.info\/?p=1977\" class=\"more-link\">Seguir leyendo <span class=\"screen-reader-text\">La importancia de (no) salir al mercado r\u00e1pidamente: HP descontin\u00faa el desarrollo de WebOS<\/span> <span class=\"meta-nav\">&rarr;<\/span><\/a><\/p>\n","protected":false},"author":2,"featured_media":0,"comment_status":"open","ping_status":"open","sticky":false,"template":"","format":"standard","meta":[],"categories":[162,102],"tags":[],"_links":{"self":[{"href":"https:\/\/lavigilanta.info\/index.php?rest_route=\/wp\/v2\/posts\/1977"}],"collection":[{"href":"https:\/\/lavigilanta.info\/index.php?rest_route=\/wp\/v2\/posts"}],"about":[{"href":"https:\/\/lavigilanta.info\/index.php?rest_route=\/wp\/v2\/types\/post"}],"author":[{"embeddable":true,"href":"https:\/\/lavigilanta.info\/index.php?rest_route=\/wp\/v2\/users\/2"}],"replies":[{"embeddable":true,"href":"https:\/\/lavigilanta.info\/index.php?rest_route=%2Fwp%2Fv2%2Fcomments&post=1977"}],"version-history":[{"count":3,"href":"https:\/\/lavigilanta.info\/index.php?rest_route=\/wp\/v2\/posts\/1977\/revisions"}],"predecessor-version":[{"id":1981,"href":"https:\/\/lavigilanta.info\/index.php?rest_route=\/wp\/v2\/posts\/1977\/revisions\/1981"}],"wp:attachment":[{"href":"https:\/\/lavigilanta.info\/index.php?rest_route=%2Fwp%2Fv2%2Fmedia&parent=1977"}],"wp:term":[{"taxonomy":"category","embeddable":true,"href":"https:\/\/lavigilanta.info\/index.php?rest_route=%2Fwp%2Fv2%2Fcategories&post=1977"},{"taxonomy":"post_tag","embeddable":true,"href":"https:\/\/lavigilanta.info\/index.php?rest_route=%2Fwp%2Fv2%2Ftags&post=1977"}],"curies":[{"name":"wp","href":"https:\/\/api.w.org\/{rel}","templated":true}]}}