{"id":197,"date":"2006-05-30T10:00:00","date_gmt":"2006-05-30T10:00:00","guid":{"rendered":"http:\/\/lavigilanta.info\/wordpress\/?p=197"},"modified":"2006-05-30T10:00:00","modified_gmt":"2006-05-30T10:00:00","slug":"el-tribunal-europeo-declara-ilegal-la-transferencia-de-datos-de-pasajeros-de-avion-a-las-autoridades-de-eeuu","status":"publish","type":"post","link":"https:\/\/lavigilanta.info\/?p=197","title":{"rendered":"El tribunal europeo declara ILEGAL la transferencia de datos de pasajeros de avi\u00f3n a las autoridades de EEUU"},"content":{"rendered":"<p><a href=\"http:\/\/photos1.blogger.com\/blogger\/4649\/1161\/1600\/european%20union.jpg\"><img decoding=\"async\" style=\"cursor:pointer; cursor:hand;\" src=\"http:\/\/photos1.blogger.com\/blogger\/4649\/1161\/320\/european%20union.jpg\" border=\"0\" alt=\"\" \/><\/a><\/p>\n<p>La buena noticia del d\u00eda nos viene en <a href=\"http:\/\/www.elpais.es\/articulo\/internacional\/Tribunal\/Europeo\/declara\/ilegal\/transferencia\/datos\/pasajeros\/avion\/EE\/UU\/elpporint\/20060530elpepuint_6\/Tes\/\">El Pa\u00eds<\/a>.<\/p>\n<p>El Tribunal ha decidido que el acuerdo entre EEUU y Bruselas de Mayo del 2004, a trav\u00e9s del cual la UE obligaba a las compa\u00f1\u00edas a\u00e9reas a proporcionar datos personales de sus viajeros a la administraci\u00f3n estadounienses, es ilegal, y por lo tanto proh\u00edbe esta pr\u00e1ctica. La prohibici\u00f3n entrar\u00e1 en vigor el 30 de septiembre de este a\u00f1o.<\/p>\n","protected":false},"excerpt":{"rendered":"<p>La buena noticia del d\u00eda nos viene en El Pa\u00eds. El Tribunal ha decidido que el acuerdo entre EEUU y Bruselas de Mayo del 2004, a trav\u00e9s del cual la UE obligaba a las compa\u00f1\u00edas a\u00e9reas a proporcionar datos personales de sus viajeros a la administraci\u00f3n estadounienses, es ilegal, y por lo tanto proh\u00edbe esta &hellip; <a href=\"https:\/\/lavigilanta.info\/?p=197\" class=\"more-link\">Seguir leyendo <span class=\"screen-reader-text\">El tribunal europeo declara ILEGAL la transferencia de datos de pasajeros de avi\u00f3n a las autoridades de EEUU<\/span> <span class=\"meta-nav\">&rarr;<\/span><\/a><\/p>\n","protected":false},"author":2,"featured_media":0,"comment_status":"open","ping_status":"open","sticky":false,"template":"","format":"standard","meta":[],"categories":[1],"tags":[],"_links":{"self":[{"href":"https:\/\/lavigilanta.info\/index.php?rest_route=\/wp\/v2\/posts\/197"}],"collection":[{"href":"https:\/\/lavigilanta.info\/index.php?rest_route=\/wp\/v2\/posts"}],"about":[{"href":"https:\/\/lavigilanta.info\/index.php?rest_route=\/wp\/v2\/types\/post"}],"author":[{"embeddable":true,"href":"https:\/\/lavigilanta.info\/index.php?rest_route=\/wp\/v2\/users\/2"}],"replies":[{"embeddable":true,"href":"https:\/\/lavigilanta.info\/index.php?rest_route=%2Fwp%2Fv2%2Fcomments&post=197"}],"version-history":[{"count":0,"href":"https:\/\/lavigilanta.info\/index.php?rest_route=\/wp\/v2\/posts\/197\/revisions"}],"wp:attachment":[{"href":"https:\/\/lavigilanta.info\/index.php?rest_route=%2Fwp%2Fv2%2Fmedia&parent=197"}],"wp:term":[{"taxonomy":"category","embeddable":true,"href":"https:\/\/lavigilanta.info\/index.php?rest_route=%2Fwp%2Fv2%2Fcategories&post=197"},{"taxonomy":"post_tag","embeddable":true,"href":"https:\/\/lavigilanta.info\/index.php?rest_route=%2Fwp%2Fv2%2Ftags&post=197"}],"curies":[{"name":"wp","href":"https:\/\/api.w.org\/{rel}","templated":true}]}}