{"id":1914,"date":"2011-07-18T12:11:14","date_gmt":"2011-07-18T10:11:14","guid":{"rendered":"http:\/\/lavigilanta.info\/wordpress\/?p=1914"},"modified":"2011-07-18T12:11:14","modified_gmt":"2011-07-18T10:11:14","slug":"freedom-not-fear-2011-%c2%bfmontamos-algo","status":"publish","type":"post","link":"https:\/\/lavigilanta.info\/?p=1914","title":{"rendered":"Freedom not Fear 2011. \u00bfMontamos algo?"},"content":{"rendered":"<p>Por ah\u00ed me he enterado de las fechas del <a href=\"http:\/\/www.freedomnotfear.org\/\">Freedom not Fear<\/a> de este a\u00f1o: del 10 al 19 de septiembre.<\/p>\n<p>Por lo que veo solamente hay eventos organizados en Berl\u00edn y en Bruselas. \u00bfAlguien se anima a montar algo en Barcelona? \u00bfO en cualquier otra ciudad?<\/p>\n","protected":false},"excerpt":{"rendered":"<p>Por ah\u00ed me he enterado de las fechas del Freedom not Fear de este a\u00f1o: del 10 al 19 de septiembre. Por lo que veo solamente hay eventos organizados en Berl\u00edn y en Bruselas. \u00bfAlguien se anima a montar algo en Barcelona? \u00bfO en cualquier otra ciudad?<\/p>\n","protected":false},"author":2,"featured_media":0,"comment_status":"open","ping_status":"open","sticky":false,"template":"","format":"standard","meta":[],"categories":[36,173,120],"tags":[],"_links":{"self":[{"href":"https:\/\/lavigilanta.info\/index.php?rest_route=\/wp\/v2\/posts\/1914"}],"collection":[{"href":"https:\/\/lavigilanta.info\/index.php?rest_route=\/wp\/v2\/posts"}],"about":[{"href":"https:\/\/lavigilanta.info\/index.php?rest_route=\/wp\/v2\/types\/post"}],"author":[{"embeddable":true,"href":"https:\/\/lavigilanta.info\/index.php?rest_route=\/wp\/v2\/users\/2"}],"replies":[{"embeddable":true,"href":"https:\/\/lavigilanta.info\/index.php?rest_route=%2Fwp%2Fv2%2Fcomments&post=1914"}],"version-history":[{"count":1,"href":"https:\/\/lavigilanta.info\/index.php?rest_route=\/wp\/v2\/posts\/1914\/revisions"}],"predecessor-version":[{"id":1915,"href":"https:\/\/lavigilanta.info\/index.php?rest_route=\/wp\/v2\/posts\/1914\/revisions\/1915"}],"wp:attachment":[{"href":"https:\/\/lavigilanta.info\/index.php?rest_route=%2Fwp%2Fv2%2Fmedia&parent=1914"}],"wp:term":[{"taxonomy":"category","embeddable":true,"href":"https:\/\/lavigilanta.info\/index.php?rest_route=%2Fwp%2Fv2%2Fcategories&post=1914"},{"taxonomy":"post_tag","embeddable":true,"href":"https:\/\/lavigilanta.info\/index.php?rest_route=%2Fwp%2Fv2%2Ftags&post=1914"}],"curies":[{"name":"wp","href":"https:\/\/api.w.org\/{rel}","templated":true}]}}