{"id":1908,"date":"2011-06-15T11:05:26","date_gmt":"2011-06-15T09:05:26","guid":{"rendered":"http:\/\/lavigilanta.info\/wordpress\/?p=1908"},"modified":"2011-06-15T11:12:38","modified_gmt":"2011-06-15T09:12:38","slug":"un-lector-lo-tiene-claro","status":"publish","type":"post","link":"https:\/\/lavigilanta.info\/?p=1908","title":{"rendered":"Un lector lo tiene claro&#8230;"},"content":{"rendered":"<p>Echando un vistazo a La Vanguardia en el bar donde desayuno de vez en cuando puedo notar que otro parroquiano tiene las ideas claras en cuanto al intento de detener hoy la sesi\u00f3n del Parlament de Catalunya:<\/p>\n<p><a href=\"https:\/\/lavigilanta.info\/wordpress\/wp-content\/uploads\/2011\/06\/20110615-105949.jpg\"><img decoding=\"async\" src=\"https:\/\/lavigilanta.info\/wordpress\/wp-content\/uploads\/2011\/06\/20110615-105949.jpg\" alt=\"20110615-105949.jpg\" class=\"alignnone size-full\" \/><\/a><\/p>\n<p>Recordemos que en este pa\u00eds la ultima vez que se impidi\u00f3 el funcionamiento de un parlamento fue el 23 de febrero de 1981. Y si hablamos del parlamento catal\u00e1n hay que ir m\u00e1s atr\u00e1s. Esta gente est\u00e1 emulando las haza\u00f1as del General\u00edsimo Franco.<\/p>\n","protected":false},"excerpt":{"rendered":"<p>Echando un vistazo a La Vanguardia en el bar donde desayuno de vez en cuando puedo notar que otro parroquiano tiene las ideas claras en cuanto al intento de detener hoy la sesi\u00f3n del Parlament de Catalunya: Recordemos que en este pa\u00eds la ultima vez que se impidi\u00f3 el funcionamiento de un parlamento fue el &hellip; <a href=\"https:\/\/lavigilanta.info\/?p=1908\" class=\"more-link\">Seguir leyendo <span class=\"screen-reader-text\">Un lector lo tiene claro&#8230;<\/span> <span class=\"meta-nav\">&rarr;<\/span><\/a><\/p>\n","protected":false},"author":2,"featured_media":0,"comment_status":"open","ping_status":"open","sticky":false,"template":"","format":"standard","meta":[],"categories":[168,54,116],"tags":[],"_links":{"self":[{"href":"https:\/\/lavigilanta.info\/index.php?rest_route=\/wp\/v2\/posts\/1908"}],"collection":[{"href":"https:\/\/lavigilanta.info\/index.php?rest_route=\/wp\/v2\/posts"}],"about":[{"href":"https:\/\/lavigilanta.info\/index.php?rest_route=\/wp\/v2\/types\/post"}],"author":[{"embeddable":true,"href":"https:\/\/lavigilanta.info\/index.php?rest_route=\/wp\/v2\/users\/2"}],"replies":[{"embeddable":true,"href":"https:\/\/lavigilanta.info\/index.php?rest_route=%2Fwp%2Fv2%2Fcomments&post=1908"}],"version-history":[{"count":1,"href":"https:\/\/lavigilanta.info\/index.php?rest_route=\/wp\/v2\/posts\/1908\/revisions"}],"predecessor-version":[{"id":1909,"href":"https:\/\/lavigilanta.info\/index.php?rest_route=\/wp\/v2\/posts\/1908\/revisions\/1909"}],"wp:attachment":[{"href":"https:\/\/lavigilanta.info\/index.php?rest_route=%2Fwp%2Fv2%2Fmedia&parent=1908"}],"wp:term":[{"taxonomy":"category","embeddable":true,"href":"https:\/\/lavigilanta.info\/index.php?rest_route=%2Fwp%2Fv2%2Fcategories&post=1908"},{"taxonomy":"post_tag","embeddable":true,"href":"https:\/\/lavigilanta.info\/index.php?rest_route=%2Fwp%2Fv2%2Ftags&post=1908"}],"curies":[{"name":"wp","href":"https:\/\/api.w.org\/{rel}","templated":true}]}}