{"id":19,"date":"2005-08-23T12:20:00","date_gmt":"2005-08-23T12:20:00","guid":{"rendered":"http:\/\/lavigilanta.info\/wordpress\/?p=19"},"modified":"2005-08-23T12:20:00","modified_gmt":"2005-08-23T12:20:00","slug":"uk-%c2%bfque-paso-con-el-circuito-de-cctv-cuando-de-menezes-fue-acribillado","status":"publish","type":"post","link":"https:\/\/lavigilanta.info\/?p=19","title":{"rendered":"UK: \u00bfqu\u00e9 pas\u00f3 con el circuito de CCTV cuando de Menezes fue acribillado?"},"content":{"rendered":"<p>(v\u00eda art\u00edculo en <a href=\"http:\/\/news.independent.co.uk\/uk\/crime\/article307649.ece\">The Independent<\/a>)<\/p>\n<p>Discrepancias entre la polic\u00eda y los responsables de videovigilancia del metro de Londres. Los primeros dicen que ninguna de las 4 c\u00e1maras que pudieron filmar el evento (por llamarle de alguna manera) funcionaban. <\/p>\n<p>El personal de la empresa que gestiona el circuito de CCTV en esa estaci\u00f3n del metro <a href=\"http:\/\/www.tubelines.com\/default.html\">(Tube Lines)<\/a> dice que no tiene constancia de incidentes o aver\u00edas en las c\u00e1maras de ese vag\u00f3n \/ estaci\u00f3n (Stockwell) ese d\u00eda.<\/p>\n<p>El pastel se destap\u00f3 cuando aparecieron fotos del cad\u00e1ver, que ni mochila, ni abrigo abultado en plena can\u00edcula.<\/p>\n<p>Est\u00e1 claro, chicos y chicas: detr\u00e1s de toda c\u00e1mara hay alguien que mira. Y si ese que mira decide que no se tiene que ver, pues no se ver\u00e1.<\/p>\n<p>Como dir\u00edan en M\u00e9xico: \u00bf\u00bfseguridad?? \u00a1mangos!<\/p>\n","protected":false},"excerpt":{"rendered":"<p>(v\u00eda art\u00edculo en The Independent) Discrepancias entre la polic\u00eda y los responsables de videovigilancia del metro de Londres. Los primeros dicen que ninguna de las 4 c\u00e1maras que pudieron filmar el evento (por llamarle de alguna manera) funcionaban. El personal de la empresa que gestiona el circuito de CCTV en esa estaci\u00f3n del metro (Tube &hellip; <a href=\"https:\/\/lavigilanta.info\/?p=19\" class=\"more-link\">Seguir leyendo <span class=\"screen-reader-text\">UK: \u00bfqu\u00e9 pas\u00f3 con el circuito de CCTV cuando de Menezes fue acribillado?<\/span> <span class=\"meta-nav\">&rarr;<\/span><\/a><\/p>\n","protected":false},"author":2,"featured_media":0,"comment_status":"open","ping_status":"open","sticky":false,"template":"","format":"standard","meta":[],"categories":[1],"tags":[],"_links":{"self":[{"href":"https:\/\/lavigilanta.info\/index.php?rest_route=\/wp\/v2\/posts\/19"}],"collection":[{"href":"https:\/\/lavigilanta.info\/index.php?rest_route=\/wp\/v2\/posts"}],"about":[{"href":"https:\/\/lavigilanta.info\/index.php?rest_route=\/wp\/v2\/types\/post"}],"author":[{"embeddable":true,"href":"https:\/\/lavigilanta.info\/index.php?rest_route=\/wp\/v2\/users\/2"}],"replies":[{"embeddable":true,"href":"https:\/\/lavigilanta.info\/index.php?rest_route=%2Fwp%2Fv2%2Fcomments&post=19"}],"version-history":[{"count":0,"href":"https:\/\/lavigilanta.info\/index.php?rest_route=\/wp\/v2\/posts\/19\/revisions"}],"wp:attachment":[{"href":"https:\/\/lavigilanta.info\/index.php?rest_route=%2Fwp%2Fv2%2Fmedia&parent=19"}],"wp:term":[{"taxonomy":"category","embeddable":true,"href":"https:\/\/lavigilanta.info\/index.php?rest_route=%2Fwp%2Fv2%2Fcategories&post=19"},{"taxonomy":"post_tag","embeddable":true,"href":"https:\/\/lavigilanta.info\/index.php?rest_route=%2Fwp%2Fv2%2Ftags&post=19"}],"curies":[{"name":"wp","href":"https:\/\/api.w.org\/{rel}","templated":true}]}}