{"id":1856,"date":"2011-03-31T12:14:10","date_gmt":"2011-03-31T10:14:10","guid":{"rendered":"http:\/\/lavigilanta.info\/wordpress\/?p=1856"},"modified":"2011-03-31T12:21:00","modified_gmt":"2011-03-31T10:21:00","slug":"iniciativas-de-la-ue-para-apoyar-el-desarrollo-de-la-computacion-en-nube-cloud","status":"publish","type":"post","link":"https:\/\/lavigilanta.info\/?p=1856","title":{"rendered":"Iniciativas de la UE para apoyar el desarrollo de la computaci\u00f3n en nube (cloud)"},"content":{"rendered":"<p>Si hay un pol\u00edtico con quien me gustar\u00eda trabajar, esta es Neelie Kroes, vicepresidenta de la comisi\u00f3n europea. Aqu\u00ed va su \u00faltimo post sobre <a href=\"http:\/\/blogs.ec.europa.eu\/neelie-kroes\/public-authorities-and-cloud\/\">el papel de la administraci\u00f3n p\u00fablica (y la UE por extensi\u00f3n) en el apoyo al paradigma de computaci\u00f3n en nube (cloud computing)<\/a>.<\/p>\n<p>La UE se quiere centrar en 3 aspectos:<\/p>\n<ul>\n<li><strong>Marco legal<\/strong>: lograr un marco legal simplificado que a la vez proteja los intereses de los ciudadanos y elimine incertidumbres y dificultades que hacen dif\u00edcil el desarrollo y adopci\u00f3n de las tecnolog\u00edas en cuesti\u00f3n.<\/li>\n<li><strong>Est\u00e1ndares<\/strong>: apoyo de est\u00e1ndares para lograr universalizaci\u00f3n, no torre-de-babelizaci\u00f3n, de los usos del cloud computing.<\/li>\n<li><strong>Mercado<\/strong>: apoyando pilotos de envergadura y empujando a las administraciones a contratar servicios de este estilo. El equivalente a darle un empuj\u00f3n a un mercado incipiente para que coja fuerza, velocidad, inercia, \u00abque tire p&#8217;alante\u00bb, llamadle como quer\u00e1is.<\/ul>\n<\/li>\n<p>y una declaraci\u00f3n de intenciones que no tiene precio:<\/p>\n<blockquote><p>This is my fifth decade in politics now. So I know very well how easy it is for leaders to gravitate towards systems and solutions they can control and govern.  That is not the plan here \u2013 my goal is to protect the Internet playing field rather than take it over.<\/p><\/blockquote>\n<p>es decir:<\/p>\n<blockquote><p>Llevo 50 a\u00f1os en pol\u00edtica. As\u00ed que s\u00e9 que a los l\u00edderes les resulta muy f\u00e1cil preferir soluciones y sistemas que puedan gobernar y controlar. Esto no es lo que queremos hacer. Mi objetivo es proteger Internet a ras de c\u00e9sped en lugar de tomar control absoluto sobre ella<\/p><\/blockquote>\n<p>Y adem\u00e1s:<\/p>\n<blockquote><p>Freedom of expression; the protection of privacy and personal data; net neutrality and the preservation of an open Internet; these and other issues are fundamentally public policy issues.<\/p><\/blockquote>\n<p>es decir:<\/p>\n<blockquote><p>Libertad de expresi\u00f3n, la protecci\u00f3n de la privacidad y los datos personales, la neutralidad de la red y la conservacion de una Internet abierta: estos y otros asuntos son fundamentalmente temas de pol\u00edtica p\u00fablica.<\/p><\/blockquote>\n<p>Lo que estoy leyendo me gusta. Es el nivel justo de intervencionismo del sector p\u00fablico que creo que es beneficioso, m\u00e1s all\u00e1 y nos topamos con ingerencias en el mercado que resultan da\u00f1inas. Ahora mi duda: \u00bfEs todo esto fachada o ser\u00e1 que \u00abotra uni\u00f3n europea es posible\u00bb?<\/p>\n","protected":false},"excerpt":{"rendered":"<p>Si hay un pol\u00edtico con quien me gustar\u00eda trabajar, esta es Neelie Kroes, vicepresidenta de la comisi\u00f3n europea. Aqu\u00ed va su \u00faltimo post sobre el papel de la administraci\u00f3n p\u00fablica (y la UE por extensi\u00f3n) en el apoyo al paradigma de computaci\u00f3n en nube (cloud computing). La UE se quiere centrar en 3 aspectos: Marco &hellip; <a href=\"https:\/\/lavigilanta.info\/?p=1856\" class=\"more-link\">Seguir leyendo <span class=\"screen-reader-text\">Iniciativas de la UE para apoyar el desarrollo de la computaci\u00f3n en nube (cloud)<\/span> <span class=\"meta-nav\">&rarr;<\/span><\/a><\/p>\n","protected":false},"author":2,"featured_media":0,"comment_status":"open","ping_status":"open","sticky":false,"template":"","format":"standard","meta":[],"categories":[57,175,141],"tags":[],"_links":{"self":[{"href":"https:\/\/lavigilanta.info\/index.php?rest_route=\/wp\/v2\/posts\/1856"}],"collection":[{"href":"https:\/\/lavigilanta.info\/index.php?rest_route=\/wp\/v2\/posts"}],"about":[{"href":"https:\/\/lavigilanta.info\/index.php?rest_route=\/wp\/v2\/types\/post"}],"author":[{"embeddable":true,"href":"https:\/\/lavigilanta.info\/index.php?rest_route=\/wp\/v2\/users\/2"}],"replies":[{"embeddable":true,"href":"https:\/\/lavigilanta.info\/index.php?rest_route=%2Fwp%2Fv2%2Fcomments&post=1856"}],"version-history":[{"count":4,"href":"https:\/\/lavigilanta.info\/index.php?rest_route=\/wp\/v2\/posts\/1856\/revisions"}],"predecessor-version":[{"id":1860,"href":"https:\/\/lavigilanta.info\/index.php?rest_route=\/wp\/v2\/posts\/1856\/revisions\/1860"}],"wp:attachment":[{"href":"https:\/\/lavigilanta.info\/index.php?rest_route=%2Fwp%2Fv2%2Fmedia&parent=1856"}],"wp:term":[{"taxonomy":"category","embeddable":true,"href":"https:\/\/lavigilanta.info\/index.php?rest_route=%2Fwp%2Fv2%2Fcategories&post=1856"},{"taxonomy":"post_tag","embeddable":true,"href":"https:\/\/lavigilanta.info\/index.php?rest_route=%2Fwp%2Fv2%2Ftags&post=1856"}],"curies":[{"name":"wp","href":"https:\/\/api.w.org\/{rel}","templated":true}]}}