{"id":181,"date":"2006-05-02T18:54:00","date_gmt":"2006-05-02T18:54:00","guid":{"rendered":"http:\/\/lavigilanta.info\/wordpress\/?p=181"},"modified":"2006-05-02T18:54:00","modified_gmt":"2006-05-02T18:54:00","slug":"en-el-metro-de-madrid-van-a-hacer-reconocimiento-facial","status":"publish","type":"post","link":"https:\/\/lavigilanta.info\/?p=181","title":{"rendered":"En el Metro de Madrid van a hacer reconocimiento facial"},"content":{"rendered":"<p>Y est\u00e1 para YA.<\/p>\n<p>Nos dicen en <a href=\"http:\/\/www.baquia.com\/noticias.php?id=10780\">Baqu\u00eda<\/a> que el otro d\u00eda la ministra de fomento, Magdalena Alvarez, estaba visitando las instalaciones de la empresa <a href=\"http:\/\/www.albatros-sl.es\/datos_registrales.html\">Grupo Albatros<\/a>. Por supuesto, cuando te viene a casa alguien de ese calibre, le ense\u00f1as lo mejorcito que tienes.<\/p>\n<p>Bueno, pues lo que le mostraron es el proyecto que est\u00e1n desarrollando para el Metro de Madrid, ni m\u00e1s ni menos que miles de c\u00e1maras apuntando a los pasajeros, haciendo reconocimiento facial y \u00abasign\u00e1ndonos un n\u00famero\u00bb. De esta manera, si se detecta un individuo sospechoso (o individua sospechosa), se le har\u00eda una foto del careto, se calcular\u00eda su \u00abn\u00famero\u00bb, et voil\u00e0!!! Sabr\u00edamos todo su historial de utilizaci\u00f3n del metro: qu\u00e9, d\u00f3nde, cu\u00e1ndo.<\/p>\n<p>Ol\u00e9.<\/p>\n","protected":false},"excerpt":{"rendered":"<p>Y est\u00e1 para YA. Nos dicen en Baqu\u00eda que el otro d\u00eda la ministra de fomento, Magdalena Alvarez, estaba visitando las instalaciones de la empresa Grupo Albatros. Por supuesto, cuando te viene a casa alguien de ese calibre, le ense\u00f1as lo mejorcito que tienes. Bueno, pues lo que le mostraron es el proyecto que est\u00e1n &hellip; <a href=\"https:\/\/lavigilanta.info\/?p=181\" class=\"more-link\">Seguir leyendo <span class=\"screen-reader-text\">En el Metro de Madrid van a hacer reconocimiento facial<\/span> <span class=\"meta-nav\">&rarr;<\/span><\/a><\/p>\n","protected":false},"author":2,"featured_media":0,"comment_status":"open","ping_status":"open","sticky":false,"template":"","format":"standard","meta":[],"categories":[1],"tags":[],"_links":{"self":[{"href":"https:\/\/lavigilanta.info\/index.php?rest_route=\/wp\/v2\/posts\/181"}],"collection":[{"href":"https:\/\/lavigilanta.info\/index.php?rest_route=\/wp\/v2\/posts"}],"about":[{"href":"https:\/\/lavigilanta.info\/index.php?rest_route=\/wp\/v2\/types\/post"}],"author":[{"embeddable":true,"href":"https:\/\/lavigilanta.info\/index.php?rest_route=\/wp\/v2\/users\/2"}],"replies":[{"embeddable":true,"href":"https:\/\/lavigilanta.info\/index.php?rest_route=%2Fwp%2Fv2%2Fcomments&post=181"}],"version-history":[{"count":0,"href":"https:\/\/lavigilanta.info\/index.php?rest_route=\/wp\/v2\/posts\/181\/revisions"}],"wp:attachment":[{"href":"https:\/\/lavigilanta.info\/index.php?rest_route=%2Fwp%2Fv2%2Fmedia&parent=181"}],"wp:term":[{"taxonomy":"category","embeddable":true,"href":"https:\/\/lavigilanta.info\/index.php?rest_route=%2Fwp%2Fv2%2Fcategories&post=181"},{"taxonomy":"post_tag","embeddable":true,"href":"https:\/\/lavigilanta.info\/index.php?rest_route=%2Fwp%2Fv2%2Ftags&post=181"}],"curies":[{"name":"wp","href":"https:\/\/api.w.org\/{rel}","templated":true}]}}