{"id":170,"date":"2006-04-23T19:23:00","date_gmt":"2006-04-23T19:23:00","guid":{"rendered":"http:\/\/lavigilanta.info\/wordpress\/?p=170"},"modified":"2006-04-23T19:23:00","modified_gmt":"2006-04-23T19:23:00","slug":"concurso-lavado-de-cara-a-%c2%bfquien-vigila-al-vigilante","status":"publish","type":"post","link":"https:\/\/lavigilanta.info\/?p=170","title":{"rendered":"Concurso: lavado de cara a \u00bfqui\u00e9n vigila al vigilante?"},"content":{"rendered":"<p>La Vigi va a cumplir un a\u00f1o y aunque hemos puesto la centena larga de posts en ese tiempo, lo que no ha mejorado ni siguiera un poquito es la imagen del blog.<\/p>\n<p>La verdad es que soy bastante in\u00fatil con esto del dise\u00f1o gr\u00e1fico y por eso lanzo este peque\u00f1o concurso (\u00a1\u00a1no es m\u00e1s que una petici\u00f3n de ayuda disfrazada, en realidad!!).<\/p>\n<p>Si se os ocurre un logotipo o banner (\u00a1\u00a1o c\u00f3digo CSS!!) para la cabecera de este blog, me lo propon\u00e9is.<\/p>\n<p>Cada uno de los dise\u00f1os enviados va a ser la imagen de La Vigi durante una semana.<\/p>\n<p>Durante esa semana, quien quiera puede darme su opini\u00f3n sobre \u00e9l.<\/p>\n<p>Y el dise\u00f1o ganador (en base a los comentarios y a mi opini\u00f3n) ser\u00e1 el permanente de La Vigi, con todos los cr\u00e9ditos y link en la barra derecha a vuestro blog o sitio web (me gustar\u00eda dar de premio tambi\u00e9n un mp3 Creative ZenWorks pero el presupuesto (constantemente igual a cero) no me lo permite&#8230;)<\/p>\n","protected":false},"excerpt":{"rendered":"<p>La Vigi va a cumplir un a\u00f1o y aunque hemos puesto la centena larga de posts en ese tiempo, lo que no ha mejorado ni siguiera un poquito es la imagen del blog. La verdad es que soy bastante in\u00fatil con esto del dise\u00f1o gr\u00e1fico y por eso lanzo este peque\u00f1o concurso (\u00a1\u00a1no es m\u00e1s &hellip; <a href=\"https:\/\/lavigilanta.info\/?p=170\" class=\"more-link\">Seguir leyendo <span class=\"screen-reader-text\">Concurso: lavado de cara a \u00bfqui\u00e9n vigila al vigilante?<\/span> <span class=\"meta-nav\">&rarr;<\/span><\/a><\/p>\n","protected":false},"author":2,"featured_media":0,"comment_status":"open","ping_status":"open","sticky":false,"template":"","format":"standard","meta":[],"categories":[1],"tags":[],"_links":{"self":[{"href":"https:\/\/lavigilanta.info\/index.php?rest_route=\/wp\/v2\/posts\/170"}],"collection":[{"href":"https:\/\/lavigilanta.info\/index.php?rest_route=\/wp\/v2\/posts"}],"about":[{"href":"https:\/\/lavigilanta.info\/index.php?rest_route=\/wp\/v2\/types\/post"}],"author":[{"embeddable":true,"href":"https:\/\/lavigilanta.info\/index.php?rest_route=\/wp\/v2\/users\/2"}],"replies":[{"embeddable":true,"href":"https:\/\/lavigilanta.info\/index.php?rest_route=%2Fwp%2Fv2%2Fcomments&post=170"}],"version-history":[{"count":0,"href":"https:\/\/lavigilanta.info\/index.php?rest_route=\/wp\/v2\/posts\/170\/revisions"}],"wp:attachment":[{"href":"https:\/\/lavigilanta.info\/index.php?rest_route=%2Fwp%2Fv2%2Fmedia&parent=170"}],"wp:term":[{"taxonomy":"category","embeddable":true,"href":"https:\/\/lavigilanta.info\/index.php?rest_route=%2Fwp%2Fv2%2Fcategories&post=170"},{"taxonomy":"post_tag","embeddable":true,"href":"https:\/\/lavigilanta.info\/index.php?rest_route=%2Fwp%2Fv2%2Ftags&post=170"}],"curies":[{"name":"wp","href":"https:\/\/api.w.org\/{rel}","templated":true}]}}