{"id":1616,"date":"2010-04-16T14:35:12","date_gmt":"2010-04-16T12:35:12","guid":{"rendered":"http:\/\/lavigilanta.info\/wordpress\/?p=1616"},"modified":"2010-04-16T14:42:26","modified_gmt":"2010-04-16T12:42:26","slug":"mexico-aprobada-la-ley-de-proteccion-de-datos-personales","status":"publish","type":"post","link":"https:\/\/lavigilanta.info\/?p=1616","title":{"rendered":"M\u00e9xico: aprobada la Ley de Protecci\u00f3n de Datos Personales"},"content":{"rendered":"<p>A principios de semana la C\u00e1mara de Diputados en M\u00e9xico aprob\u00f3 la Ley de Protecci\u00f3n de Datos Personales. (fuente: <a href=\"http:\/\/www.cronica.com.mx\/nota.php?id_nota=500254\">Cr\u00f3nica<\/a>).<\/p>\n<p>Buena noticia, <a href=\"http:\/\/www.eluniversal.com.mx\/notas\/664335.html\">M\u00e9xico era hasta ahora el \u00fanico pa\u00eds miembro de la OECD, junto con Turqu\u00eda, en no disponer de legislaci\u00f3n relativa a este asunto<\/a> (a pesar de que su adherencia a la OCDE autom\u00e1ticamente obligaba al pa\u00eds a <a href=\"http:\/\/www.oecd.org\/document\/18\/0,3343,en_2649_34255_1815186_1_1_1_1,00.html\">cumplir con la recomendaci\u00f3n de privacidad y tr\u00e1fico de datos personales<\/a>).<\/p>\n","protected":false},"excerpt":{"rendered":"<p>A principios de semana la C\u00e1mara de Diputados en M\u00e9xico aprob\u00f3 la Ley de Protecci\u00f3n de Datos Personales. (fuente: Cr\u00f3nica). Buena noticia, M\u00e9xico era hasta ahora el \u00fanico pa\u00eds miembro de la OECD, junto con Turqu\u00eda, en no disponer de legislaci\u00f3n relativa a este asunto (a pesar de que su adherencia a la OCDE autom\u00e1ticamente &hellip; <a href=\"https:\/\/lavigilanta.info\/?p=1616\" class=\"more-link\">Seguir leyendo <span class=\"screen-reader-text\">M\u00e9xico: aprobada la Ley de Protecci\u00f3n de Datos Personales<\/span> <span class=\"meta-nav\">&rarr;<\/span><\/a><\/p>\n","protected":false},"author":2,"featured_media":0,"comment_status":"open","ping_status":"open","sticky":false,"template":"","format":"standard","meta":[],"categories":[87,96,120],"tags":[],"_links":{"self":[{"href":"https:\/\/lavigilanta.info\/index.php?rest_route=\/wp\/v2\/posts\/1616"}],"collection":[{"href":"https:\/\/lavigilanta.info\/index.php?rest_route=\/wp\/v2\/posts"}],"about":[{"href":"https:\/\/lavigilanta.info\/index.php?rest_route=\/wp\/v2\/types\/post"}],"author":[{"embeddable":true,"href":"https:\/\/lavigilanta.info\/index.php?rest_route=\/wp\/v2\/users\/2"}],"replies":[{"embeddable":true,"href":"https:\/\/lavigilanta.info\/index.php?rest_route=%2Fwp%2Fv2%2Fcomments&post=1616"}],"version-history":[{"count":3,"href":"https:\/\/lavigilanta.info\/index.php?rest_route=\/wp\/v2\/posts\/1616\/revisions"}],"predecessor-version":[{"id":1619,"href":"https:\/\/lavigilanta.info\/index.php?rest_route=\/wp\/v2\/posts\/1616\/revisions\/1619"}],"wp:attachment":[{"href":"https:\/\/lavigilanta.info\/index.php?rest_route=%2Fwp%2Fv2%2Fmedia&parent=1616"}],"wp:term":[{"taxonomy":"category","embeddable":true,"href":"https:\/\/lavigilanta.info\/index.php?rest_route=%2Fwp%2Fv2%2Fcategories&post=1616"},{"taxonomy":"post_tag","embeddable":true,"href":"https:\/\/lavigilanta.info\/index.php?rest_route=%2Fwp%2Fv2%2Ftags&post=1616"}],"curies":[{"name":"wp","href":"https:\/\/api.w.org\/{rel}","templated":true}]}}