{"id":16,"date":"2005-08-12T10:51:00","date_gmt":"2005-08-12T10:51:00","guid":{"rendered":"http:\/\/lavigilanta.info\/wordpress\/?p=16"},"modified":"2005-08-12T10:51:00","modified_gmt":"2005-08-12T10:51:00","slug":"%c2%a1%c2%a1%c2%a1la-retencion-de-datos-no-soluciona-nada-relacionado-con-el-terrorismo","status":"publish","type":"post","link":"https:\/\/lavigilanta.info\/?p=16","title":{"rendered":"\u00a1\u00a1\u00a1La retenci\u00f3n de datos no soluciona nada relacionado con el terrorismo!!!!!"},"content":{"rendered":"<p><em>Copio textualmente de <a href=\"http:\/\/www.republicainternet.com\">Rep\u00fablica Internet<\/a>. Escrito por David Casacuberta.<\/em><\/p>\n<p>Los ministros europeos de Justicia y la Comisi\u00f3n Europea quieren almacenar todo el tr\u00e1fico telef\u00f3nico y de Internet de 450 millones de europeos. Si te preocupa un plan as\u00ed, te pedimos que firmes esta petici\u00f3n. <br \/>\u00bfQu\u00e9 hay de malo en la retenci\u00f3n de datos? La propuesta de retener los datos de tr\u00e1fico revelar\u00e1 quien ha estado llamando o enviando correos a quien, qu\u00e9 websites visita la gente e incluso donde estaban con sus tel\u00e9fonos m\u00f3viles. Se ordenar\u00e1 a las compa\u00f1\u00edas telef\u00f3nicas y a los proveedores de Internet que almacenen todos los datos de tr\u00e1fico de sus clientes. Las agencias de polic\u00eda y de inteligencia de Europa tendr\u00e1n garantizado el acceso a esos datos. Diversas propuestas en competici\u00f3n actualmente en Bruselas hablan de per\u00edodos de retenci\u00f3n de entre seis meses a cuatro a\u00f1os. <\/p>\n<p>La retenci\u00f3n de datos es una t\u00e9cnica invasiva que interfiere con las vidas privadas de 450 millones de europeos. La retenci\u00f3n de datos es una pol\u00edtica que expande las capacidades de vigilancia de una forma sin precedentes. De forma simult\u00e1nea revoca muchas de las garant\u00edas de los instrumentos europeos en favor de los derechos humanos, como las directivas de protecci\u00f3n de datos y la Convenci\u00f3n Europea de los Derechos Humanos. <\/p>\n<p>La retenci\u00f3n de datos implica que los gobiernos pueden interferir con tu vida privada y las comunicaciones privadas sin importar si eres o no sospechoso de un crimen. <\/p>\n<p>\u00a1La retenci\u00f3n de datos no es una soluci\u00f3n para el terrorismo y el crimen! <\/p>\n<p>En julio de 2005 el Parlamento Europeo adopt\u00f3 un informe del miembro del Parlamento Alexander Alvaro sobre el plan de retenci\u00f3n obligatoria de datos. El informe conclu\u00eda que la propuesta era desproporcionada. Este informe tambi\u00e9n cuestionaba la necesidad, efectividad y los altos costes para la industria y los usuarios de telecomunicaciones. <\/p>\n<p>No hay investigaciones desarrolladas en ninguna parte de Europa que demuestren la necesidad de crear semejantes bases de datos a gran escala, conteniendo datos tan sensibles con el objetivo de luchar contra el crimen y el terrorismo. <\/p>\n<p>Los ataques a Londres fueron ataques a los derechos humanos. La protecci\u00f3n de estos derechos humanos importa m\u00e1s cuando los gobiernos y las sociedades se enfrentan a tiempos de crisis. La peor respuesta posible ser\u00eda poner en peligro estos derechos cuidadosamente articulados con una respuesta inspirada en el miedo. Responder con vigilancia masiva al terror acabar\u00eda siendo un enorme \u00e9xito para los perpetradores de semejantes ataques: socavar nuestros valores m\u00e1s fundamentales. <\/p>\n<p>\u00bfQu\u00e9 puedes hacer para detener este plan? <\/p>\n<p>Si te preocupan los planes relacionados con la retenci\u00f3n de datos, por favor, firma la petici\u00f3n y alerta a todas las personas que puedas para dar apoyo a esta campa\u00f1a. Las firmas se enviar\u00e1n a la Comisi\u00f3n Europea y al Parlamento Europeo. <\/p>\n<p>Puedes firmar digitalmente en <a href=\"http:\/\/www.dataretentionisnosolution.com\/\">Data Retention is No Solution<\/a>.<\/p>\n","protected":false},"excerpt":{"rendered":"<p>Copio textualmente de Rep\u00fablica Internet. Escrito por David Casacuberta. Los ministros europeos de Justicia y la Comisi\u00f3n Europea quieren almacenar todo el tr\u00e1fico telef\u00f3nico y de Internet de 450 millones de europeos. Si te preocupa un plan as\u00ed, te pedimos que firmes esta petici\u00f3n. \u00bfQu\u00e9 hay de malo en la retenci\u00f3n de datos? La propuesta &hellip; <a href=\"https:\/\/lavigilanta.info\/?p=16\" class=\"more-link\">Seguir leyendo <span class=\"screen-reader-text\">\u00a1\u00a1\u00a1La retenci\u00f3n de datos no soluciona nada relacionado con el terrorismo!!!!!<\/span> <span class=\"meta-nav\">&rarr;<\/span><\/a><\/p>\n","protected":false},"author":2,"featured_media":0,"comment_status":"open","ping_status":"open","sticky":false,"template":"","format":"standard","meta":[],"categories":[1],"tags":[],"_links":{"self":[{"href":"https:\/\/lavigilanta.info\/index.php?rest_route=\/wp\/v2\/posts\/16"}],"collection":[{"href":"https:\/\/lavigilanta.info\/index.php?rest_route=\/wp\/v2\/posts"}],"about":[{"href":"https:\/\/lavigilanta.info\/index.php?rest_route=\/wp\/v2\/types\/post"}],"author":[{"embeddable":true,"href":"https:\/\/lavigilanta.info\/index.php?rest_route=\/wp\/v2\/users\/2"}],"replies":[{"embeddable":true,"href":"https:\/\/lavigilanta.info\/index.php?rest_route=%2Fwp%2Fv2%2Fcomments&post=16"}],"version-history":[{"count":0,"href":"https:\/\/lavigilanta.info\/index.php?rest_route=\/wp\/v2\/posts\/16\/revisions"}],"wp:attachment":[{"href":"https:\/\/lavigilanta.info\/index.php?rest_route=%2Fwp%2Fv2%2Fmedia&parent=16"}],"wp:term":[{"taxonomy":"category","embeddable":true,"href":"https:\/\/lavigilanta.info\/index.php?rest_route=%2Fwp%2Fv2%2Fcategories&post=16"},{"taxonomy":"post_tag","embeddable":true,"href":"https:\/\/lavigilanta.info\/index.php?rest_route=%2Fwp%2Fv2%2Ftags&post=16"}],"curies":[{"name":"wp","href":"https:\/\/api.w.org\/{rel}","templated":true}]}}