{"id":1596,"date":"2010-03-09T12:47:22","date_gmt":"2010-03-09T10:47:22","guid":{"rendered":"http:\/\/lavigilanta.info\/wordpress\/?p=1596"},"modified":"2010-03-09T12:47:22","modified_gmt":"2010-03-09T10:47:22","slug":"el-acta-firmado-por-la-comision-europea-por-la-puerta-de-atras-%c2%a1todavia-podemos-detenerlo","status":"publish","type":"post","link":"https:\/\/lavigilanta.info\/?p=1596","title":{"rendered":"El ACTA: firmado por la Comisi\u00f3n Europea por la puerta de atr\u00e1s, \u00a1todav\u00eda podemos detenerlo!"},"content":{"rendered":"<p>Ser\u00e9 vaga, y en lugar de explicar qu\u00e9 es el ACTA, en este punto os pido que os<a href=\"http:\/\/www.versvs.net\/anotacion\/acta-una-vez-mas\"> le\u00e1is este post<\/a> que lo explica clarito.<\/p>\n<p>Y ahora, la buena noticia: tres eurodiputados de tres colores pol\u00edticos diferentes han tenido las narices de decir que ya basta de los abusos de la Comisi\u00f3n y sus intentos de atribuirse responsabilidades que en realidad corresponden al Parlamento europeo. Han creado una propuesta que, si es votada por la mitad o m\u00e1s de los europarlamentarios, deslegitimar\u00e1 lo que sea que acuerda la Comisi\u00f3n con respecto al ACTA. <\/p>\n<p><a href=\"http:\/\/www.laquadrature.net\/wiki\/Ayuda_a_que_se_firme_la_declaraci%C3%B3n_escrita_12\/2010_sobre_el_ACTA\">La gente de la Quadrature du Net ha lanzado una campa\u00f1a para contactar con nuestros representantes en Bruselas y Estrasburgo y pedirles que por favor que se adhieran a la propuesta<\/a>.<\/p>\n<p>Si est\u00e1s en contra del ACTA, \u00a1<a href=\"http:\/\/www.laquadrature.net\/wiki\/Ayuda_a_que_se_firme_la_declaraci%C3%B3n_escrita_12\/2010_sobre_el_ACTA\">ya sabes lo que tienes que hacer<\/a>!<\/p>\n","protected":false},"excerpt":{"rendered":"<p>Ser\u00e9 vaga, y en lugar de explicar qu\u00e9 es el ACTA, en este punto os pido que os le\u00e1is este post que lo explica clarito. Y ahora, la buena noticia: tres eurodiputados de tres colores pol\u00edticos diferentes han tenido las narices de decir que ya basta de los abusos de la Comisi\u00f3n y sus intentos &hellip; <a href=\"https:\/\/lavigilanta.info\/?p=1596\" class=\"more-link\">Seguir leyendo <span class=\"screen-reader-text\">El ACTA: firmado por la Comisi\u00f3n Europea por la puerta de atr\u00e1s, \u00a1todav\u00eda podemos detenerlo!<\/span> <span class=\"meta-nav\">&rarr;<\/span><\/a><\/p>\n","protected":false},"author":2,"featured_media":0,"comment_status":"open","ping_status":"open","sticky":false,"template":"","format":"standard","meta":[],"categories":[57,82],"tags":[],"_links":{"self":[{"href":"https:\/\/lavigilanta.info\/index.php?rest_route=\/wp\/v2\/posts\/1596"}],"collection":[{"href":"https:\/\/lavigilanta.info\/index.php?rest_route=\/wp\/v2\/posts"}],"about":[{"href":"https:\/\/lavigilanta.info\/index.php?rest_route=\/wp\/v2\/types\/post"}],"author":[{"embeddable":true,"href":"https:\/\/lavigilanta.info\/index.php?rest_route=\/wp\/v2\/users\/2"}],"replies":[{"embeddable":true,"href":"https:\/\/lavigilanta.info\/index.php?rest_route=%2Fwp%2Fv2%2Fcomments&post=1596"}],"version-history":[{"count":0,"href":"https:\/\/lavigilanta.info\/index.php?rest_route=\/wp\/v2\/posts\/1596\/revisions"}],"wp:attachment":[{"href":"https:\/\/lavigilanta.info\/index.php?rest_route=%2Fwp%2Fv2%2Fmedia&parent=1596"}],"wp:term":[{"taxonomy":"category","embeddable":true,"href":"https:\/\/lavigilanta.info\/index.php?rest_route=%2Fwp%2Fv2%2Fcategories&post=1596"},{"taxonomy":"post_tag","embeddable":true,"href":"https:\/\/lavigilanta.info\/index.php?rest_route=%2Fwp%2Fv2%2Ftags&post=1596"}],"curies":[{"name":"wp","href":"https:\/\/api.w.org\/{rel}","templated":true}]}}