{"id":1590,"date":"2010-03-02T13:32:31","date_gmt":"2010-03-02T11:32:31","guid":{"rendered":"http:\/\/lavigilanta.info\/wordpress\/?p=1590"},"modified":"2010-03-02T14:30:11","modified_gmt":"2010-03-02T12:30:11","slug":"teleoperadora-en-paro-al-final-nos-va-a-tocar-emigrar","status":"publish","type":"post","link":"https:\/\/lavigilanta.info\/?p=1590","title":{"rendered":"Teleoperadora en paro: \u00abAl final nos va a tocar emigrar\u00bb"},"content":{"rendered":"<p>Bueno, momento de la verdad. El pueblo espa\u00f1ol, tan amn\u00e9sico \u00e9l, est\u00e1 poco a poco recordando que en realidad sigue siendo una naci\u00f3n pobre en el que la poblaci\u00f3n, en \u00e9poca de vacas flacas, <a href=\"http:\/\/www.elmundo.es\/mundodinero\/2010\/02\/08\/economia\/1265616427.html\">tiene que salir del pa\u00eds a buscarse las casta\u00f1as<\/a>.<\/p>\n<p>Cuando estando en Alemania tengan intenci\u00f3n al ambulatorio a que les prescriban algo para el gripazo que llevan encima, espero que se abstengan, no vaya a ser que colapsen el sistema de sanidad, que es que esos espa\u00f1oles son como la peste, no hacen m\u00e1s que parir e ir al m\u00e9dico. \u00a1\u00a1Las listas de espera son culpa de ellos!!<\/p>\n<p>Triste decirlo&#8230; va a ser un caso de \u00abpoetic justice\u00bb.<\/p>\n<p><strong>Actualizaci\u00f3n<\/strong>: leo en la Vanguardia que \u00ab<a href=\"http:\/\/www.lavanguardia.es\/ciudadanos\/noticias\/20100302\/53895443604\/la-crisis-eleva-el-rechazo-a-los-inmigrantes-y-la-demanda-de-leyes-mas-duras.html\">la crisis eleva la xenofobia y la demanda de leyes m\u00e1s duras<\/a>\u00ab. Lo dicho: lo que le va a caer a Pepe en Alemania no ser\u00e1 m\u00e1s que justicia po\u00e9tica.<\/p>\n","protected":false},"excerpt":{"rendered":"<p>Bueno, momento de la verdad. El pueblo espa\u00f1ol, tan amn\u00e9sico \u00e9l, est\u00e1 poco a poco recordando que en realidad sigue siendo una naci\u00f3n pobre en el que la poblaci\u00f3n, en \u00e9poca de vacas flacas, tiene que salir del pa\u00eds a buscarse las casta\u00f1as. Cuando estando en Alemania tengan intenci\u00f3n al ambulatorio a que les prescriban &hellip; <a href=\"https:\/\/lavigilanta.info\/?p=1590\" class=\"more-link\">Seguir leyendo <span class=\"screen-reader-text\">Teleoperadora en paro: \u00abAl final nos va a tocar emigrar\u00bb<\/span> <span class=\"meta-nav\">&rarr;<\/span><\/a><\/p>\n","protected":false},"author":2,"featured_media":0,"comment_status":"open","ping_status":"open","sticky":false,"template":"","format":"standard","meta":[],"categories":[108],"tags":[],"_links":{"self":[{"href":"https:\/\/lavigilanta.info\/index.php?rest_route=\/wp\/v2\/posts\/1590"}],"collection":[{"href":"https:\/\/lavigilanta.info\/index.php?rest_route=\/wp\/v2\/posts"}],"about":[{"href":"https:\/\/lavigilanta.info\/index.php?rest_route=\/wp\/v2\/types\/post"}],"author":[{"embeddable":true,"href":"https:\/\/lavigilanta.info\/index.php?rest_route=\/wp\/v2\/users\/2"}],"replies":[{"embeddable":true,"href":"https:\/\/lavigilanta.info\/index.php?rest_route=%2Fwp%2Fv2%2Fcomments&post=1590"}],"version-history":[{"count":2,"href":"https:\/\/lavigilanta.info\/index.php?rest_route=\/wp\/v2\/posts\/1590\/revisions"}],"predecessor-version":[{"id":1591,"href":"https:\/\/lavigilanta.info\/index.php?rest_route=\/wp\/v2\/posts\/1590\/revisions\/1591"}],"wp:attachment":[{"href":"https:\/\/lavigilanta.info\/index.php?rest_route=%2Fwp%2Fv2%2Fmedia&parent=1590"}],"wp:term":[{"taxonomy":"category","embeddable":true,"href":"https:\/\/lavigilanta.info\/index.php?rest_route=%2Fwp%2Fv2%2Fcategories&post=1590"},{"taxonomy":"post_tag","embeddable":true,"href":"https:\/\/lavigilanta.info\/index.php?rest_route=%2Fwp%2Fv2%2Ftags&post=1590"}],"curies":[{"name":"wp","href":"https:\/\/api.w.org\/{rel}","templated":true}]}}