{"id":1570,"date":"2010-02-18T23:59:49","date_gmt":"2010-02-18T21:59:49","guid":{"rendered":"http:\/\/lavigilanta.info\/wordpress\/?p=1570"},"modified":"2010-02-18T23:59:49","modified_gmt":"2010-02-18T21:59:49","slug":"facebook-edad-minima-de-usuarios-pasa-a-ser-de-14-anos","status":"publish","type":"post","link":"https:\/\/lavigilanta.info\/?p=1570","title":{"rendered":"Facebook: edad m\u00ednima de usuarios pasa a ser de 14 a\u00f1os"},"content":{"rendered":"<p>Facebook implementa la edad m\u00ednima de usuarios a su servicio como respuesta a una demanda de la Agencia Espa\u00f1ola de Protecci\u00f3n de Datos.<\/p>\n<p>http:\/\/www.portaltic.es\/info\/noticia-facebook-aumenta-14-anos-edad-minima-usuarios-espana-20100218124746.html<\/p>\n<p>Desde luego, la mejor manera de defender la privacidad es retir\u00e1ndole el negocio (aunque sea a t\u00edtulo personal) a las empresas que no la respetan. Y por supuesto, educar a los hijos y ense\u00f1arles a protegerse. <\/p>\n","protected":false},"excerpt":{"rendered":"<p>Facebook implementa la edad m\u00ednima de usuarios a su servicio como respuesta a una demanda de la Agencia Espa\u00f1ola de Protecci\u00f3n de Datos. http:\/\/www.portaltic.es\/info\/noticia-facebook-aumenta-14-anos-edad-minima-usuarios-espana-20100218124746.html Desde luego, la mejor manera de defender la privacidad es retir\u00e1ndole el negocio (aunque sea a t\u00edtulo personal) a las empresas que no la respetan. Y por supuesto, educar a los &hellip; <a href=\"https:\/\/lavigilanta.info\/?p=1570\" class=\"more-link\">Seguir leyendo <span class=\"screen-reader-text\">Facebook: edad m\u00ednima de usuarios pasa a ser de 14 a\u00f1os<\/span> <span class=\"meta-nav\">&rarr;<\/span><\/a><\/p>\n","protected":false},"author":2,"featured_media":0,"comment_status":"open","ping_status":"open","sticky":false,"template":"","format":"standard","meta":[],"categories":[120],"tags":[],"_links":{"self":[{"href":"https:\/\/lavigilanta.info\/index.php?rest_route=\/wp\/v2\/posts\/1570"}],"collection":[{"href":"https:\/\/lavigilanta.info\/index.php?rest_route=\/wp\/v2\/posts"}],"about":[{"href":"https:\/\/lavigilanta.info\/index.php?rest_route=\/wp\/v2\/types\/post"}],"author":[{"embeddable":true,"href":"https:\/\/lavigilanta.info\/index.php?rest_route=\/wp\/v2\/users\/2"}],"replies":[{"embeddable":true,"href":"https:\/\/lavigilanta.info\/index.php?rest_route=%2Fwp%2Fv2%2Fcomments&post=1570"}],"version-history":[{"count":0,"href":"https:\/\/lavigilanta.info\/index.php?rest_route=\/wp\/v2\/posts\/1570\/revisions"}],"wp:attachment":[{"href":"https:\/\/lavigilanta.info\/index.php?rest_route=%2Fwp%2Fv2%2Fmedia&parent=1570"}],"wp:term":[{"taxonomy":"category","embeddable":true,"href":"https:\/\/lavigilanta.info\/index.php?rest_route=%2Fwp%2Fv2%2Fcategories&post=1570"},{"taxonomy":"post_tag","embeddable":true,"href":"https:\/\/lavigilanta.info\/index.php?rest_route=%2Fwp%2Fv2%2Ftags&post=1570"}],"curies":[{"name":"wp","href":"https:\/\/api.w.org\/{rel}","templated":true}]}}