{"id":1557,"date":"2010-01-22T13:12:56","date_gmt":"2010-01-22T11:12:56","guid":{"rendered":"http:\/\/lavigilanta.info\/wordpress\/?p=1557"},"modified":"2010-01-22T13:12:56","modified_gmt":"2010-01-22T11:12:56","slug":"%c2%bfestas-en-contra-del-decretazo-ley-de-economia-sostenible","status":"publish","type":"post","link":"https:\/\/lavigilanta.info\/?p=1557","title":{"rendered":"\u00bfEst\u00e1s en contra del decretazo (ley de econom\u00eda sostenible)?"},"content":{"rendered":"<p>Si est\u00e1s en contra de la inclusi\u00f3n en el Anteproyecto de Ley de Econom\u00eda Sostenible de modificaciones legislativas que afectan al libre ejercicio de las libertades de expresi\u00f3n, informaci\u00f3n y el derecho de acceso a la cultura a trav\u00e9s de Internet, ahora puedes <strong>hacer algo<\/strong> al respecto.<\/p>\n<p><a href=\"http:\/\/www.filmica.com\/david_bravo\/archivos\/010338.html\">David Bravo y Javier de la Cueva<\/a> han denunciado el Estado Espa\u00f1ol ante la Uni\u00f3n Europea, y nos invitan a que denunciemos tambi\u00e9n.<\/p>\n<p>Rellena el formulario (con instrucciones, abajo los links) y ve a Correos a hacer el env\u00edo certificado:<\/p>\n<p><a href=\"http:\/\/derecho-internet.org\/svn\/procedimientos-libres\/denuncia-monopolio-eegg\/escritos\/2010-01-20_denuncia_comision-europea-monopolio-eegg.odt\">Plantilla en formato .odt<\/a><br \/>\n<a href=\"http:\/\/derecho-internet.org\/svn\/procedimientos-libres\/denuncia-monopolio-eegg\/escritos\/2010-01-20_denuncia_comision-europea-monopolio-eegg.doc\">Plantilla en formato .doc<\/a><\/p>\n<p>Tambi\u00e9n puedes usar la <a href=\"https:\/\/online.correos.es\/\">oficina de Correos virtual<\/a>.<\/p>\n","protected":false},"excerpt":{"rendered":"<p>Si est\u00e1s en contra de la inclusi\u00f3n en el Anteproyecto de Ley de Econom\u00eda Sostenible de modificaciones legislativas que afectan al libre ejercicio de las libertades de expresi\u00f3n, informaci\u00f3n y el derecho de acceso a la cultura a trav\u00e9s de Internet, ahora puedes hacer algo al respecto. David Bravo y Javier de la Cueva han &hellip; <a href=\"https:\/\/lavigilanta.info\/?p=1557\" class=\"more-link\">Seguir leyendo <span class=\"screen-reader-text\">\u00bfEst\u00e1s en contra del decretazo (ley de econom\u00eda sostenible)?<\/span> <span class=\"meta-nav\">&rarr;<\/span><\/a><\/p>\n","protected":false},"author":2,"featured_media":0,"comment_status":"open","ping_status":"open","sticky":false,"template":"","format":"standard","meta":[],"categories":[171],"tags":[],"_links":{"self":[{"href":"https:\/\/lavigilanta.info\/index.php?rest_route=\/wp\/v2\/posts\/1557"}],"collection":[{"href":"https:\/\/lavigilanta.info\/index.php?rest_route=\/wp\/v2\/posts"}],"about":[{"href":"https:\/\/lavigilanta.info\/index.php?rest_route=\/wp\/v2\/types\/post"}],"author":[{"embeddable":true,"href":"https:\/\/lavigilanta.info\/index.php?rest_route=\/wp\/v2\/users\/2"}],"replies":[{"embeddable":true,"href":"https:\/\/lavigilanta.info\/index.php?rest_route=%2Fwp%2Fv2%2Fcomments&post=1557"}],"version-history":[{"count":1,"href":"https:\/\/lavigilanta.info\/index.php?rest_route=\/wp\/v2\/posts\/1557\/revisions"}],"predecessor-version":[{"id":1558,"href":"https:\/\/lavigilanta.info\/index.php?rest_route=\/wp\/v2\/posts\/1557\/revisions\/1558"}],"wp:attachment":[{"href":"https:\/\/lavigilanta.info\/index.php?rest_route=%2Fwp%2Fv2%2Fmedia&parent=1557"}],"wp:term":[{"taxonomy":"category","embeddable":true,"href":"https:\/\/lavigilanta.info\/index.php?rest_route=%2Fwp%2Fv2%2Fcategories&post=1557"},{"taxonomy":"post_tag","embeddable":true,"href":"https:\/\/lavigilanta.info\/index.php?rest_route=%2Fwp%2Fv2%2Ftags&post=1557"}],"curies":[{"name":"wp","href":"https:\/\/api.w.org\/{rel}","templated":true}]}}