{"id":1526,"date":"2010-01-13T00:25:03","date_gmt":"2010-01-12T22:25:03","guid":{"rendered":"http:\/\/lavigilanta.info\/wordpress\/?p=1526"},"modified":"2010-01-13T00:27:54","modified_gmt":"2010-01-12T22:27:54","slug":"el-partido-pirata-aleman-protesta-contra-los-scanners-de-cuerpo-completo-en-el-aeropuerto-de-berlin-tegel","status":"publish","type":"post","link":"https:\/\/lavigilanta.info\/?p=1526","title":{"rendered":"El Partido Pirata alem\u00e1n protesta contra los scanners de cuerpo completo en el aeropuerto de Berl\u00edn-Tegel"},"content":{"rendered":"<p>Por lo que parece, los del Partido Pirata alem\u00e1n est\u00e1n tan enfadados con la imposici\u00f3n de los scanners corporales como <a href=\"https:\/\/lavigilanta.info\/wordpress\/?p=1522\">yo<\/a>. El domingo 10 de enero una representaci\u00f3n se plant\u00f3 en el aeropuerto de Berl\u00edn-Tegel muy ligeritos de ropa. <\/p>\n<p>Lo pod\u00e9is ver en esta foto de P\u00fablico&#8230; <a href=\"http:\/\/blogs.publico.es\/elojopublico\/el-partido-pirata-sin-demasiado-equipaje\/698\">los \u00abpiratas alemanes\u00bb rodeados por \u00ablos \u00e1ngeles de Angela (Merkel)\u00bb<\/a>.<\/p>\n","protected":false},"excerpt":{"rendered":"<p>Por lo que parece, los del Partido Pirata alem\u00e1n est\u00e1n tan enfadados con la imposici\u00f3n de los scanners corporales como yo. El domingo 10 de enero una representaci\u00f3n se plant\u00f3 en el aeropuerto de Berl\u00edn-Tegel muy ligeritos de ropa. Lo pod\u00e9is ver en esta foto de P\u00fablico&#8230; los \u00abpiratas alemanes\u00bb rodeados por \u00ablos \u00e1ngeles de &hellip; <a href=\"https:\/\/lavigilanta.info\/?p=1526\" class=\"more-link\">Seguir leyendo <span class=\"screen-reader-text\">El Partido Pirata alem\u00e1n protesta contra los scanners de cuerpo completo en el aeropuerto de Berl\u00edn-Tegel<\/span> <span class=\"meta-nav\">&rarr;<\/span><\/a><\/p>\n","protected":false},"author":2,"featured_media":0,"comment_status":"open","ping_status":"open","sticky":false,"template":"","format":"standard","meta":[],"categories":[36,134],"tags":[],"_links":{"self":[{"href":"https:\/\/lavigilanta.info\/index.php?rest_route=\/wp\/v2\/posts\/1526"}],"collection":[{"href":"https:\/\/lavigilanta.info\/index.php?rest_route=\/wp\/v2\/posts"}],"about":[{"href":"https:\/\/lavigilanta.info\/index.php?rest_route=\/wp\/v2\/types\/post"}],"author":[{"embeddable":true,"href":"https:\/\/lavigilanta.info\/index.php?rest_route=\/wp\/v2\/users\/2"}],"replies":[{"embeddable":true,"href":"https:\/\/lavigilanta.info\/index.php?rest_route=%2Fwp%2Fv2%2Fcomments&post=1526"}],"version-history":[{"count":3,"href":"https:\/\/lavigilanta.info\/index.php?rest_route=\/wp\/v2\/posts\/1526\/revisions"}],"predecessor-version":[{"id":1529,"href":"https:\/\/lavigilanta.info\/index.php?rest_route=\/wp\/v2\/posts\/1526\/revisions\/1529"}],"wp:attachment":[{"href":"https:\/\/lavigilanta.info\/index.php?rest_route=%2Fwp%2Fv2%2Fmedia&parent=1526"}],"wp:term":[{"taxonomy":"category","embeddable":true,"href":"https:\/\/lavigilanta.info\/index.php?rest_route=%2Fwp%2Fv2%2Fcategories&post=1526"},{"taxonomy":"post_tag","embeddable":true,"href":"https:\/\/lavigilanta.info\/index.php?rest_route=%2Fwp%2Fv2%2Ftags&post=1526"}],"curies":[{"name":"wp","href":"https:\/\/api.w.org\/{rel}","templated":true}]}}