{"id":1506,"date":"2009-12-07T14:06:51","date_gmt":"2009-12-07T12:06:51","guid":{"rendered":"http:\/\/lavigilanta.info\/wordpress\/?p=1506"},"modified":"2009-12-07T14:11:01","modified_gmt":"2009-12-07T12:11:01","slug":"los-peligros-de-la-autoridad-competente","status":"publish","type":"post","link":"https:\/\/lavigilanta.info\/?p=1506","title":{"rendered":"Los peligros de \u00abla autoridad competente\u00bb"},"content":{"rendered":"<p>Copio y pego de un post de <a href=\"http:\/\/www.pablosoto.com\/2009\/12\/y-mis-derechos.html\">Pablo Soto<\/a>. Se trata de una conversaci\u00f3n en Twitter con F\u00e9lix Lavilla, ese senador que <a href=\"http:\/\/gallir.wordpress.com\/2009\/12\/05\/del-tu-mas-al-macarthismo\/\">se dedica a insultar a Enrique Dans<\/a> en un est\u00fapido conato de macarthismo. Por supuesto hablan del <a href=\"https:\/\/lavigilanta.info\/wordpress\/?p=1504\">decretazo <\/a>incluido en la (supuestamente) ley de econom\u00eda sostenible, que a\u00f1ade un quinto supuesto a la LSSI para permitir que un comit\u00e9 de expertos dependiente del ministerio de cultura est\u00e9 capacitado para cerrar p\u00e1ginas Web que \u00abviolen la propiedad intelectual\u00bb y que <a href=\"https:\/\/lavigilanta.info\/wordpress\/?p=1464\">se estaba cociendo desde octubre<\/a>.<\/p>\n<blockquote><p><strong>Pablo<\/strong>: Me sorprendes. El \u00fanico cambio que aporta a LPI y LSSI es ese; la desjudicializaci\u00f3n de cierres por medio de la comisi\u00f3n.<br \/>\n<strong>F\u00e9lix<\/strong>: los cierres est\u00e1n ya previstos en la LSSICE en determinados supuestos y con expresa referencia protecci\u00f3n libertad expresi\u00f3n.<br \/>\n<strong>Pablo<\/strong>: Efectivamente, y el anteproyecto dice que <strong>el ejercicio de las funciones previstas en los art\u00edculos 8 y 11 ahora es de Cultura<\/strong>.<br \/>\n<strong>F\u00e9lix<\/strong>: la propia LSSICE habla de <strong>\u00ablas autoridades competentes\u00bb<\/strong> respetando los derechos de libertad de expresi\u00f3n.<\/p><\/blockquote>\n<p>\u00abLa Autoridad Competente\u00bb es un \u00abplaceholder\u00bb, es una muletilla que, de ser incluida en una ley, permite despu\u00e9s hacer las barrabasadas que se le antojen al mandam\u00e1s de turno. Seg\u00fan F\u00e9lix Lavilla, no ha raz\u00f3n la pol\u00e9mica actual porque en la LSSI ya se hablaba de \u00abLa Autoridad Competente\u00bb. Y una comisi\u00f3n de expertos del ministerio de cultura lo es, competente y sobre todo imparcial, \u00bf\u00bfverdad??<\/p>\n<p>Pues sigan leyendo las reflexiones de Pablo Soto, al que recordar\u00e1n por el <a href=\"http:\/\/www.rtve.es\/noticias\/20090519\/pablo-soto-sienta-banquillo-por-facilitar-intercambio-archivos-p2p\/277022.shtml\">caso Manolito<\/a>: La SGAE lo llev\u00f3 a jucio por haber escrito software P2P. <\/p>\n<blockquote><p>Cuando empec\u00e9 a leer el anteproyecto me fui sumiendo en una especie de trance derrotista. Ya todo da igual; el juicio, los hechos, la ley. Se me quita el derecho a la tutela judicial. Ser\u00e1n directamente las discogr\u00e1ficas, mediante la Comisi\u00f3n del Ministerio de Cultura, quienes tendr\u00e1n el poder de decisi\u00f3n y ejecuci\u00f3n. Las mismas que me piden 13 millones de euros, que me ponen detectives privados, que me atacan usando todo a su alcance, incluida mi enfermedad, aquellas mismas discogr\u00e1ficas que me acusan de par\u00e1sito, de haberme forrado y de ser un delincuente, decidir\u00e1n. No tendr\u00e9 derecho a proceso legal, con representaci\u00f3n de mi abogado, vistas, y esas peque\u00f1as cosas que hacen que no me hayan aplastado, todav\u00eda.<\/p><\/blockquote>\n<p>\u00bfNo se les ha puesto la piel de gallina?<\/p>\n","protected":false},"excerpt":{"rendered":"<p>Copio y pego de un post de Pablo Soto. Se trata de una conversaci\u00f3n en Twitter con F\u00e9lix Lavilla, ese senador que se dedica a insultar a Enrique Dans en un est\u00fapido conato de macarthismo. Por supuesto hablan del decretazo incluido en la (supuestamente) ley de econom\u00eda sostenible, que a\u00f1ade un quinto supuesto a la &hellip; <a href=\"https:\/\/lavigilanta.info\/?p=1506\" class=\"more-link\">Seguir leyendo <span class=\"screen-reader-text\">Los peligros de \u00abla autoridad competente\u00bb<\/span> <span class=\"meta-nav\">&rarr;<\/span><\/a><\/p>\n","protected":false},"author":2,"featured_media":0,"comment_status":"open","ping_status":"open","sticky":false,"template":"","format":"standard","meta":[],"categories":[54,171],"tags":[],"_links":{"self":[{"href":"https:\/\/lavigilanta.info\/index.php?rest_route=\/wp\/v2\/posts\/1506"}],"collection":[{"href":"https:\/\/lavigilanta.info\/index.php?rest_route=\/wp\/v2\/posts"}],"about":[{"href":"https:\/\/lavigilanta.info\/index.php?rest_route=\/wp\/v2\/types\/post"}],"author":[{"embeddable":true,"href":"https:\/\/lavigilanta.info\/index.php?rest_route=\/wp\/v2\/users\/2"}],"replies":[{"embeddable":true,"href":"https:\/\/lavigilanta.info\/index.php?rest_route=%2Fwp%2Fv2%2Fcomments&post=1506"}],"version-history":[{"count":1,"href":"https:\/\/lavigilanta.info\/index.php?rest_route=\/wp\/v2\/posts\/1506\/revisions"}],"predecessor-version":[{"id":1507,"href":"https:\/\/lavigilanta.info\/index.php?rest_route=\/wp\/v2\/posts\/1506\/revisions\/1507"}],"wp:attachment":[{"href":"https:\/\/lavigilanta.info\/index.php?rest_route=%2Fwp%2Fv2%2Fmedia&parent=1506"}],"wp:term":[{"taxonomy":"category","embeddable":true,"href":"https:\/\/lavigilanta.info\/index.php?rest_route=%2Fwp%2Fv2%2Fcategories&post=1506"},{"taxonomy":"post_tag","embeddable":true,"href":"https:\/\/lavigilanta.info\/index.php?rest_route=%2Fwp%2Fv2%2Ftags&post=1506"}],"curies":[{"name":"wp","href":"https:\/\/api.w.org\/{rel}","templated":true}]}}