{"id":145,"date":"2006-03-22T17:08:00","date_gmt":"2006-03-22T17:08:00","guid":{"rendered":"http:\/\/lavigilanta.info\/wordpress\/?p=145"},"modified":"2006-03-22T17:08:00","modified_gmt":"2006-03-22T17:08:00","slug":"la-comision-europea-lanza-una-consulta-publica-sobre-los-tags-rfid","status":"publish","type":"post","link":"https:\/\/lavigilanta.info\/?p=145","title":{"rendered":"La Comisi\u00f3n europea lanza una consulta p\u00fablica sobre los tags RFID"},"content":{"rendered":"<p>El a\u00f1o pasado, la Comisi\u00f3n europea cre\u00f3 un grupo interservicios RFID para recoger y analizar informaci\u00f3n sobre el RFID. Bas\u00e1ndose en las conclusiones de ese grupo, el 9 de marzo la Comisi\u00f3n lanz\u00f3 un \u00abamplio debate p\u00fablico sobre las oportunidades y retos de las etiquetas inteligentes\u00bb.<\/p>\n<p>Ese \u00abdebate p\u00fablico\u00bb van a ser en realidad unos talleres en que se tratar\u00e1n las aplicaciones, los problemas del usuario final, la interoperabilidad, espectro de frecuencias, etc. <b>Se desarrollar\u00e1n en Bruselas entre marzo y junio de 2006<\/b>(\u00bfd\u00f3nde se apunta uno?). Las conclusiones las publicar\u00e1n en la web de la UE en septiembre.<\/p>\n<p>Y para quien quiera aprovechar esta oportunidad&#8230;<\/p>\n<p>En el 7\u00ba Programa Marco de Investigaci\u00f3n y Desarrollo Tecnol\u00f3gico se pretende dar apoyo a \u00abtecnolog\u00edas y aplicaciones innovadoras que nos acerquen a la sociedad del entorno inteligente\u201d.<\/p>\n<p>Me apunto a clonar el sistema <a href=\"http:\/\/lavigilanta.blogspot.com\/2006\/03\/felica-el-sistema-rfid-de-pagos-con-el.html\">FeliCa<\/a> en la UE.<\/p>\n<p>En castellano: <a href=\"http:\/\/europa.eu.int\/rapid\/pressReleasesAction.do?reference=IP\/06\/289&#038;format=HTML&#038;aged=0&#038;language=ES&#038;guiLanguage=es\">nota de prensa<\/a>.<\/p>\n","protected":false},"excerpt":{"rendered":"<p>El a\u00f1o pasado, la Comisi\u00f3n europea cre\u00f3 un grupo interservicios RFID para recoger y analizar informaci\u00f3n sobre el RFID. Bas\u00e1ndose en las conclusiones de ese grupo, el 9 de marzo la Comisi\u00f3n lanz\u00f3 un \u00abamplio debate p\u00fablico sobre las oportunidades y retos de las etiquetas inteligentes\u00bb. Ese \u00abdebate p\u00fablico\u00bb van a ser en realidad unos &hellip; <a href=\"https:\/\/lavigilanta.info\/?p=145\" class=\"more-link\">Seguir leyendo <span class=\"screen-reader-text\">La Comisi\u00f3n europea lanza una consulta p\u00fablica sobre los tags RFID<\/span> <span class=\"meta-nav\">&rarr;<\/span><\/a><\/p>\n","protected":false},"author":2,"featured_media":0,"comment_status":"open","ping_status":"open","sticky":false,"template":"","format":"standard","meta":[],"categories":[1],"tags":[],"_links":{"self":[{"href":"https:\/\/lavigilanta.info\/index.php?rest_route=\/wp\/v2\/posts\/145"}],"collection":[{"href":"https:\/\/lavigilanta.info\/index.php?rest_route=\/wp\/v2\/posts"}],"about":[{"href":"https:\/\/lavigilanta.info\/index.php?rest_route=\/wp\/v2\/types\/post"}],"author":[{"embeddable":true,"href":"https:\/\/lavigilanta.info\/index.php?rest_route=\/wp\/v2\/users\/2"}],"replies":[{"embeddable":true,"href":"https:\/\/lavigilanta.info\/index.php?rest_route=%2Fwp%2Fv2%2Fcomments&post=145"}],"version-history":[{"count":0,"href":"https:\/\/lavigilanta.info\/index.php?rest_route=\/wp\/v2\/posts\/145\/revisions"}],"wp:attachment":[{"href":"https:\/\/lavigilanta.info\/index.php?rest_route=%2Fwp%2Fv2%2Fmedia&parent=145"}],"wp:term":[{"taxonomy":"category","embeddable":true,"href":"https:\/\/lavigilanta.info\/index.php?rest_route=%2Fwp%2Fv2%2Fcategories&post=145"},{"taxonomy":"post_tag","embeddable":true,"href":"https:\/\/lavigilanta.info\/index.php?rest_route=%2Fwp%2Fv2%2Ftags&post=145"}],"curies":[{"name":"wp","href":"https:\/\/api.w.org\/{rel}","templated":true}]}}