{"id":1419,"date":"2009-09-02T23:02:07","date_gmt":"2009-09-02T21:02:07","guid":{"rendered":"http:\/\/lavigilanta.info\/wordpress\/?p=1419"},"modified":"2009-09-03T13:08:34","modified_gmt":"2009-09-03T11:08:34","slug":"el-presidente-de-los-colegios-medicos-habla-de-epidemia-de-miedo-no-de-gripe","status":"publish","type":"post","link":"https:\/\/lavigilanta.info\/?p=1419","title":{"rendered":"El presidente de los colegios m\u00e9dicos habla de epidemia de miedo, no de gripe"},"content":{"rendered":"<p>El presidente de la organizaci\u00f3n de colegios m\u00e9dicos de Espana afirma que estamos ante una epidemia de miedo y que estas siempre responden a intereses econ\u00f3micos o pol\u00edticos.<\/p>\n<p>http:\/\/www.elmundo.es\/elmundosalud\/2009\/09\/02\/medicina\/1251893075.html<\/p>\n","protected":false},"excerpt":{"rendered":"<p>El presidente de la organizaci\u00f3n de colegios m\u00e9dicos de Espana afirma que estamos ante una epidemia de miedo y que estas siempre responden a intereses econ\u00f3micos o pol\u00edticos. http:\/\/www.elmundo.es\/elmundosalud\/2009\/09\/02\/medicina\/1251893075.html<\/p>\n","protected":false},"author":2,"featured_media":0,"comment_status":"open","ping_status":"open","sticky":false,"template":"","format":"standard","meta":[],"categories":[54,179,108],"tags":[],"_links":{"self":[{"href":"https:\/\/lavigilanta.info\/index.php?rest_route=\/wp\/v2\/posts\/1419"}],"collection":[{"href":"https:\/\/lavigilanta.info\/index.php?rest_route=\/wp\/v2\/posts"}],"about":[{"href":"https:\/\/lavigilanta.info\/index.php?rest_route=\/wp\/v2\/types\/post"}],"author":[{"embeddable":true,"href":"https:\/\/lavigilanta.info\/index.php?rest_route=\/wp\/v2\/users\/2"}],"replies":[{"embeddable":true,"href":"https:\/\/lavigilanta.info\/index.php?rest_route=%2Fwp%2Fv2%2Fcomments&post=1419"}],"version-history":[{"count":1,"href":"https:\/\/lavigilanta.info\/index.php?rest_route=\/wp\/v2\/posts\/1419\/revisions"}],"predecessor-version":[{"id":1420,"href":"https:\/\/lavigilanta.info\/index.php?rest_route=\/wp\/v2\/posts\/1419\/revisions\/1420"}],"wp:attachment":[{"href":"https:\/\/lavigilanta.info\/index.php?rest_route=%2Fwp%2Fv2%2Fmedia&parent=1419"}],"wp:term":[{"taxonomy":"category","embeddable":true,"href":"https:\/\/lavigilanta.info\/index.php?rest_route=%2Fwp%2Fv2%2Fcategories&post=1419"},{"taxonomy":"post_tag","embeddable":true,"href":"https:\/\/lavigilanta.info\/index.php?rest_route=%2Fwp%2Fv2%2Ftags&post=1419"}],"curies":[{"name":"wp","href":"https:\/\/api.w.org\/{rel}","templated":true}]}}