{"id":14,"date":"2005-08-10T07:12:00","date_gmt":"2005-08-10T07:12:00","guid":{"rendered":"http:\/\/lavigilanta.info\/wordpress\/?p=14"},"modified":"2005-08-10T07:12:00","modified_gmt":"2005-08-10T07:12:00","slug":"businessweek-el-estado-bajo-vigilancia","status":"publish","type":"post","link":"https:\/\/lavigilanta.info\/?p=14","title":{"rendered":"BusinessWeek: El Estado bajo vigilancia"},"content":{"rendered":"<p><img decoding=\"async\" src=\"http:\/\/photos22.flickr.com\/32835014_4ba90a1e54_m.jpg\" align=left><br \/>La revista BusinessWeek dedica la portada europea de su edici\u00f3n actual a los avances registrados en los sistemas de vigilancia desde que iniciaron los \u00abataques terroristas de Al Qaeda\u00bb. Dado el car\u00e1cter de la revista, se trata de destacar la enorme importancia econ\u00f3mica que est\u00e1n alcanzando los sectores relacionados. Trata tanto tecnolog\u00edas de la informaci\u00f3n (data mining, RFID, el sistema Echelon&#8230;) como de biom\u00e9dicas (identificaci\u00f3n por saliva, \u00a1\u00a1por la zancada!!, grandes caveats del uso de la huella dactilar&#8230;) y, para las que todav\u00eda est\u00e1n en fase de investigaci\u00f3n, cu\u00e1l es el tiempo estimado hasta su posible explotaci\u00f3n comercial.<\/p>\n<p>El \u00fanico punto del art\u00edculo en que se hace una ligera menci\u00f3n a los peligros de la adopci\u00f3n sin condiciones de estos sistemas viene en el siguiente p\u00e1rrafo: \u00abOne great worry is that those who stand out from the norm or express unpopular views, minorities, the poor, or just the ill-mannered, may get stomped in new and surprising ways.\u00bb Suficientemente elocuente para m\u00ed, pero \u00bfy para el resto de lectores?<\/p>\n<p>Aunque solo sea para tener una somera lista de desarrollos desde el lado biom\u00e9trico me valieron bastante la pena los 5,60 euros que pagu\u00e9 por la revistilla en el aeropuerto de Frankfurt (acabo de encontrar el art\u00edculo en internet, arggggh). Como dicen ellos, \u00abworth a read\u00bb.<\/p>\n","protected":false},"excerpt":{"rendered":"<p>La revista BusinessWeek dedica la portada europea de su edici\u00f3n actual a los avances registrados en los sistemas de vigilancia desde que iniciaron los \u00abataques terroristas de Al Qaeda\u00bb. Dado el car\u00e1cter de la revista, se trata de destacar la enorme importancia econ\u00f3mica que est\u00e1n alcanzando los sectores relacionados. Trata tanto tecnolog\u00edas de la informaci\u00f3n &hellip; <a href=\"https:\/\/lavigilanta.info\/?p=14\" class=\"more-link\">Seguir leyendo <span class=\"screen-reader-text\">BusinessWeek: El Estado bajo vigilancia<\/span> <span class=\"meta-nav\">&rarr;<\/span><\/a><\/p>\n","protected":false},"author":2,"featured_media":0,"comment_status":"open","ping_status":"open","sticky":false,"template":"","format":"standard","meta":[],"categories":[1],"tags":[],"_links":{"self":[{"href":"https:\/\/lavigilanta.info\/index.php?rest_route=\/wp\/v2\/posts\/14"}],"collection":[{"href":"https:\/\/lavigilanta.info\/index.php?rest_route=\/wp\/v2\/posts"}],"about":[{"href":"https:\/\/lavigilanta.info\/index.php?rest_route=\/wp\/v2\/types\/post"}],"author":[{"embeddable":true,"href":"https:\/\/lavigilanta.info\/index.php?rest_route=\/wp\/v2\/users\/2"}],"replies":[{"embeddable":true,"href":"https:\/\/lavigilanta.info\/index.php?rest_route=%2Fwp%2Fv2%2Fcomments&post=14"}],"version-history":[{"count":0,"href":"https:\/\/lavigilanta.info\/index.php?rest_route=\/wp\/v2\/posts\/14\/revisions"}],"wp:attachment":[{"href":"https:\/\/lavigilanta.info\/index.php?rest_route=%2Fwp%2Fv2%2Fmedia&parent=14"}],"wp:term":[{"taxonomy":"category","embeddable":true,"href":"https:\/\/lavigilanta.info\/index.php?rest_route=%2Fwp%2Fv2%2Fcategories&post=14"},{"taxonomy":"post_tag","embeddable":true,"href":"https:\/\/lavigilanta.info\/index.php?rest_route=%2Fwp%2Fv2%2Ftags&post=14"}],"curies":[{"name":"wp","href":"https:\/\/api.w.org\/{rel}","templated":true}]}}