{"id":1386,"date":"2009-08-17T23:59:57","date_gmt":"2009-08-17T21:59:57","guid":{"rendered":"http:\/\/lavigilanta.info\/wordpress\/?p=1386"},"modified":"2009-08-17T23:59:57","modified_gmt":"2009-08-17T21:59:57","slug":"programa-de-reinsercion-de-acentos-en-la-vida-publica","status":"publish","type":"post","link":"https:\/\/lavigilanta.info\/?p=1386","title":{"rendered":"Programa de reinserci\u00f3n de acentos en la vida p\u00fablica"},"content":{"rendered":"<p>Normalmente no hablo de estas cosas, pero me ha encantado esta iniciativa&#8230; esto empez\u00f3 en Lima, Per\u00fa, y se est\u00e1 extendiendo a M\u00e9xico. Hay personas que se organizan para salir a la calle con pintura y escaleras y un objetivo: corregir se\u00f1alizaciones y carteles publicitarios a los que les faltan los acentos. Estos eventos tienen un curioso nombre: \u00abtildet\u00f3n\u00bb \ud83d\ude42<\/p>\n<p>Si viviese en Barcelona me animar\u00eda a organizar algo similar. Para no herir sensibilidades, \u00a1los participantes corregir\u00edamos los carteles en las dos lenguas oficiales de la ciudad! y no nos limitar\u00edamos a los acentos: corregir\u00edamos las faltas ortogr\u00e1ficas sin compasi\u00f3n.<\/p>\n<p>M\u00e1s informaci\u00f3n en \u00ab<a href=\"http:\/\/acentosperdidos.blogspot.com\/\">acentos perdidos<\/a>\u00ab.<\/p>\n","protected":false},"excerpt":{"rendered":"<p>Normalmente no hablo de estas cosas, pero me ha encantado esta iniciativa&#8230; esto empez\u00f3 en Lima, Per\u00fa, y se est\u00e1 extendiendo a M\u00e9xico. Hay personas que se organizan para salir a la calle con pintura y escaleras y un objetivo: corregir se\u00f1alizaciones y carteles publicitarios a los que les faltan los acentos. Estos eventos tienen &hellip; <a href=\"https:\/\/lavigilanta.info\/?p=1386\" class=\"more-link\">Seguir leyendo <span class=\"screen-reader-text\">Programa de reinserci\u00f3n de acentos en la vida p\u00fablica<\/span> <span class=\"meta-nav\">&rarr;<\/span><\/a><\/p>\n","protected":false},"author":2,"featured_media":0,"comment_status":"open","ping_status":"open","sticky":false,"template":"","format":"standard","meta":[],"categories":[108],"tags":[],"_links":{"self":[{"href":"https:\/\/lavigilanta.info\/index.php?rest_route=\/wp\/v2\/posts\/1386"}],"collection":[{"href":"https:\/\/lavigilanta.info\/index.php?rest_route=\/wp\/v2\/posts"}],"about":[{"href":"https:\/\/lavigilanta.info\/index.php?rest_route=\/wp\/v2\/types\/post"}],"author":[{"embeddable":true,"href":"https:\/\/lavigilanta.info\/index.php?rest_route=\/wp\/v2\/users\/2"}],"replies":[{"embeddable":true,"href":"https:\/\/lavigilanta.info\/index.php?rest_route=%2Fwp%2Fv2%2Fcomments&post=1386"}],"version-history":[{"count":1,"href":"https:\/\/lavigilanta.info\/index.php?rest_route=\/wp\/v2\/posts\/1386\/revisions"}],"predecessor-version":[{"id":1387,"href":"https:\/\/lavigilanta.info\/index.php?rest_route=\/wp\/v2\/posts\/1386\/revisions\/1387"}],"wp:attachment":[{"href":"https:\/\/lavigilanta.info\/index.php?rest_route=%2Fwp%2Fv2%2Fmedia&parent=1386"}],"wp:term":[{"taxonomy":"category","embeddable":true,"href":"https:\/\/lavigilanta.info\/index.php?rest_route=%2Fwp%2Fv2%2Fcategories&post=1386"},{"taxonomy":"post_tag","embeddable":true,"href":"https:\/\/lavigilanta.info\/index.php?rest_route=%2Fwp%2Fv2%2Ftags&post=1386"}],"curies":[{"name":"wp","href":"https:\/\/api.w.org\/{rel}","templated":true}]}}