{"id":1362,"date":"2009-07-28T15:55:32","date_gmt":"2009-07-28T13:55:32","guid":{"rendered":"http:\/\/lavigilanta.info\/wordpress\/?p=1362"},"modified":"2009-07-28T15:55:32","modified_gmt":"2009-07-28T13:55:32","slug":"la-declaracion-de-los-derechos-fundamentales-digitales-secuestrada","status":"publish","type":"post","link":"https:\/\/lavigilanta.info\/?p=1362","title":{"rendered":"La declaraci\u00f3n de los derechos fundamentales digitales&#8230; secuestrada"},"content":{"rendered":"<p>El gobierno franc\u00e9s, capitaneado por su ministro de defensa (!!) se ha auto-adjudicado la tarea de redactar los derechos humanos, versi\u00f3n digital. <a href=\"http:\/\/www.droits-numeriques.org\/la-declaration\/la-declaration-des-droits-fondamentaux-numeriques.html\">Os dejo el link<\/a> y una reflexi\u00f3n a ra\u00edz del primer punto:<\/p>\n<blockquote><p>1. Toute personne a le droit d\u2019acc\u00e9der et d\u2019utiliser librement le r\u00e9seau Internet, neutre et ouvert, sous r\u00e9serve de ne pas porter atteinte \u00e0 l\u2019ordre public et aux droits d\u2019autrui. (todo el mundo tiene el derecho a acceder y utilizar libremente la red de Internet, neutra y abierta, <strong>siempre que no se afecte al orden p\u00fablico<\/strong> y a los derechos de otras personas)<\/p><\/blockquote>\n<p>Mhhh. Muerta antes de nacer, y ah\u00ed va con un par de ejemplos recientes: si los uigures usan Internet para dar testimonio de una matanza a manos del ej\u00e9rcito chino, cuya misi\u00f3n es mantener el orden p\u00fablico, \u00bfest\u00e1n incumpliendo con este punto? \u00bfqu\u00e9 decir de los iran\u00edes que usan twitter para quejarse de \u00abtongo\u00bb electoral y de la represi\u00f3n a la que est\u00e1n siendo sometidos por las \u00abfuerzas del orden\u00bb de su pa\u00eds?<\/p>\n<p>Si \u00abellos\u00bb se est\u00e1n poniendo a redactar estas cosas, es hora de que \u00abnosotros\u00bb hagamos la versi\u00f3n que s\u00ed es compatible con la <a href=\"http:\/\/www.lavigilanta.info\/wiki\/index.php?title=Declaraci%C3%B3n_Universal_de_los_Derechos_Humanos\">Declaraci\u00f3n Universal de los Derechos Humanos<\/a>.<\/p>\n","protected":false},"excerpt":{"rendered":"<p>El gobierno franc\u00e9s, capitaneado por su ministro de defensa (!!) se ha auto-adjudicado la tarea de redactar los derechos humanos, versi\u00f3n digital. Os dejo el link y una reflexi\u00f3n a ra\u00edz del primer punto: 1. Toute personne a le droit d\u2019acc\u00e9der et d\u2019utiliser librement le r\u00e9seau Internet, neutre et ouvert, sous r\u00e9serve de ne pas &hellip; <a href=\"https:\/\/lavigilanta.info\/?p=1362\" class=\"more-link\">Seguir leyendo <span class=\"screen-reader-text\">La declaraci\u00f3n de los derechos fundamentales digitales&#8230; secuestrada<\/span> <span class=\"meta-nav\">&rarr;<\/span><\/a><\/p>\n","protected":false},"author":2,"featured_media":0,"comment_status":"open","ping_status":"open","sticky":false,"template":"","format":"standard","meta":[],"categories":[44],"tags":[],"_links":{"self":[{"href":"https:\/\/lavigilanta.info\/index.php?rest_route=\/wp\/v2\/posts\/1362"}],"collection":[{"href":"https:\/\/lavigilanta.info\/index.php?rest_route=\/wp\/v2\/posts"}],"about":[{"href":"https:\/\/lavigilanta.info\/index.php?rest_route=\/wp\/v2\/types\/post"}],"author":[{"embeddable":true,"href":"https:\/\/lavigilanta.info\/index.php?rest_route=\/wp\/v2\/users\/2"}],"replies":[{"embeddable":true,"href":"https:\/\/lavigilanta.info\/index.php?rest_route=%2Fwp%2Fv2%2Fcomments&post=1362"}],"version-history":[{"count":0,"href":"https:\/\/lavigilanta.info\/index.php?rest_route=\/wp\/v2\/posts\/1362\/revisions"}],"wp:attachment":[{"href":"https:\/\/lavigilanta.info\/index.php?rest_route=%2Fwp%2Fv2%2Fmedia&parent=1362"}],"wp:term":[{"taxonomy":"category","embeddable":true,"href":"https:\/\/lavigilanta.info\/index.php?rest_route=%2Fwp%2Fv2%2Fcategories&post=1362"},{"taxonomy":"post_tag","embeddable":true,"href":"https:\/\/lavigilanta.info\/index.php?rest_route=%2Fwp%2Fv2%2Ftags&post=1362"}],"curies":[{"name":"wp","href":"https:\/\/api.w.org\/{rel}","templated":true}]}}