{"id":135,"date":"2006-03-05T11:32:00","date_gmt":"2006-03-05T11:32:00","guid":{"rendered":"http:\/\/lavigilanta.info\/wordpress\/?p=135"},"modified":"2006-03-05T11:32:00","modified_gmt":"2006-03-05T11:32:00","slug":"en-el-medico-todos-tenemos-derecho-a-la-confidencialidad-de-nuestro-genoma","status":"publish","type":"post","link":"https:\/\/lavigilanta.info\/?p=135","title":{"rendered":"En el m\u00e9dico: todos tenemos derecho a la confidencialidad&#8230; de nuestro genoma"},"content":{"rendered":"<p>El otro d\u00eda en el hospital Dos de Maig de Barcelona recog\u00ed un folleto muy bien escrito sobre los derechos y deberes de los ciudadanos en relaci\u00f3n a la atenci\u00f3n sanitaria.<\/p>\n<p>El derecho 4.1 de dicho folletito reza:<\/p>\n<p><em><br \/>Derecho a la confidencialidad de la informaci\u00f3n de su genoma y que no se utilice para ning\u00fan tipo de discriminaci\u00f3n.<br \/><\/em><\/p>\n<p>\u00bfSab\u00e9is eso que dicen en los cursos de \u00abasertividad\u00bb: si quieres que alguien piense en un bosque, dile \u00abque NO se imagine uno\u00bb?<\/p>\n<p>Pues yo intent\u00e9 no pensar en discriminaci\u00f3n por motivos de genoma, y por eso no me puedo sacar la pel\u00edcula \u00abGattaca\u00bb de la cabeza. En esta peli, los que nacen con \u00abtaras gen\u00e9ticas\u00bb son tratados como parias, y se monta un tr\u00e1fico ilegal de muestras gen\u00e9ticas \u00abimpolutas\u00bb impresionante.<\/p>\n<p>Y es que yo lo llevo muy mal. Sin ojos azules, sin muchos cent\u00edmetros de altura&#8230; y con estas ideas, madre m\u00eda. \u00bfSer\u00e1 el gen subversivo?<\/p>\n","protected":false},"excerpt":{"rendered":"<p>El otro d\u00eda en el hospital Dos de Maig de Barcelona recog\u00ed un folleto muy bien escrito sobre los derechos y deberes de los ciudadanos en relaci\u00f3n a la atenci\u00f3n sanitaria. El derecho 4.1 de dicho folletito reza: Derecho a la confidencialidad de la informaci\u00f3n de su genoma y que no se utilice para ning\u00fan &hellip; <a href=\"https:\/\/lavigilanta.info\/?p=135\" class=\"more-link\">Seguir leyendo <span class=\"screen-reader-text\">En el m\u00e9dico: todos tenemos derecho a la confidencialidad&#8230; de nuestro genoma<\/span> <span class=\"meta-nav\">&rarr;<\/span><\/a><\/p>\n","protected":false},"author":2,"featured_media":0,"comment_status":"open","ping_status":"open","sticky":false,"template":"","format":"standard","meta":[],"categories":[1],"tags":[],"_links":{"self":[{"href":"https:\/\/lavigilanta.info\/index.php?rest_route=\/wp\/v2\/posts\/135"}],"collection":[{"href":"https:\/\/lavigilanta.info\/index.php?rest_route=\/wp\/v2\/posts"}],"about":[{"href":"https:\/\/lavigilanta.info\/index.php?rest_route=\/wp\/v2\/types\/post"}],"author":[{"embeddable":true,"href":"https:\/\/lavigilanta.info\/index.php?rest_route=\/wp\/v2\/users\/2"}],"replies":[{"embeddable":true,"href":"https:\/\/lavigilanta.info\/index.php?rest_route=%2Fwp%2Fv2%2Fcomments&post=135"}],"version-history":[{"count":0,"href":"https:\/\/lavigilanta.info\/index.php?rest_route=\/wp\/v2\/posts\/135\/revisions"}],"wp:attachment":[{"href":"https:\/\/lavigilanta.info\/index.php?rest_route=%2Fwp%2Fv2%2Fmedia&parent=135"}],"wp:term":[{"taxonomy":"category","embeddable":true,"href":"https:\/\/lavigilanta.info\/index.php?rest_route=%2Fwp%2Fv2%2Fcategories&post=135"},{"taxonomy":"post_tag","embeddable":true,"href":"https:\/\/lavigilanta.info\/index.php?rest_route=%2Fwp%2Fv2%2Ftags&post=135"}],"curies":[{"name":"wp","href":"https:\/\/api.w.org\/{rel}","templated":true}]}}