{"id":1344,"date":"2009-06-11T17:20:59","date_gmt":"2009-06-11T15:20:59","guid":{"rendered":"http:\/\/lavigilanta.info\/wordpress\/?p=1344"},"modified":"2009-06-11T17:20:59","modified_gmt":"2009-06-11T15:20:59","slug":"ya-no-somos-paranoicos-la-gente-se-empieza-a-preocupar-por-su-privacidad","status":"publish","type":"post","link":"https:\/\/lavigilanta.info\/?p=1344","title":{"rendered":"Ya no somos paranoicos: la gente se empieza a preocupar por su privacidad"},"content":{"rendered":"<p>En <a href=\"http:\/\/bugbrother.blog.lemonde.fr\/2009\/06\/09\/securite-ou-vie-privee-le-vent-tourne-video\/\">Bug Brother <\/a>(en franc\u00e9s) leemos una reflexi\u00f3n: los que llevamos un tiempito con esto de denunciar la erosi\u00f3n de la privacidad y el aumento del control estamos acostumbrados a que nos digan aquello de \u00abhalaaa, qu\u00e9 paranoico\/a\u00bb. En la opini\u00f3n del cronista, ahora la opini\u00f3n p\u00fablica se est\u00e1 hartando de tanta c\u00e1mara y tanta publicidad personalizada y empieza a ser consciente del problema.<\/p>\n<p>\u00bfQu\u00e9 cre\u00e9is?<\/p>\n","protected":false},"excerpt":{"rendered":"<p>En Bug Brother (en franc\u00e9s) leemos una reflexi\u00f3n: los que llevamos un tiempito con esto de denunciar la erosi\u00f3n de la privacidad y el aumento del control estamos acostumbrados a que nos digan aquello de \u00abhalaaa, qu\u00e9 paranoico\/a\u00bb. En la opini\u00f3n del cronista, ahora la opini\u00f3n p\u00fablica se est\u00e1 hartando de tanta c\u00e1mara y tanta &hellip; <a href=\"https:\/\/lavigilanta.info\/?p=1344\" class=\"more-link\">Seguir leyendo <span class=\"screen-reader-text\">Ya no somos paranoicos: la gente se empieza a preocupar por su privacidad<\/span> <span class=\"meta-nav\">&rarr;<\/span><\/a><\/p>\n","protected":false},"author":2,"featured_media":0,"comment_status":"open","ping_status":"open","sticky":false,"template":"","format":"standard","meta":[],"categories":[120],"tags":[],"_links":{"self":[{"href":"https:\/\/lavigilanta.info\/index.php?rest_route=\/wp\/v2\/posts\/1344"}],"collection":[{"href":"https:\/\/lavigilanta.info\/index.php?rest_route=\/wp\/v2\/posts"}],"about":[{"href":"https:\/\/lavigilanta.info\/index.php?rest_route=\/wp\/v2\/types\/post"}],"author":[{"embeddable":true,"href":"https:\/\/lavigilanta.info\/index.php?rest_route=\/wp\/v2\/users\/2"}],"replies":[{"embeddable":true,"href":"https:\/\/lavigilanta.info\/index.php?rest_route=%2Fwp%2Fv2%2Fcomments&post=1344"}],"version-history":[{"count":0,"href":"https:\/\/lavigilanta.info\/index.php?rest_route=\/wp\/v2\/posts\/1344\/revisions"}],"wp:attachment":[{"href":"https:\/\/lavigilanta.info\/index.php?rest_route=%2Fwp%2Fv2%2Fmedia&parent=1344"}],"wp:term":[{"taxonomy":"category","embeddable":true,"href":"https:\/\/lavigilanta.info\/index.php?rest_route=%2Fwp%2Fv2%2Fcategories&post=1344"},{"taxonomy":"post_tag","embeddable":true,"href":"https:\/\/lavigilanta.info\/index.php?rest_route=%2Fwp%2Fv2%2Ftags&post=1344"}],"curies":[{"name":"wp","href":"https:\/\/api.w.org\/{rel}","templated":true}]}}