{"id":1313,"date":"2009-05-12T11:07:20","date_gmt":"2009-05-12T09:07:20","guid":{"rendered":"http:\/\/lavigilanta.info\/wordpress\/?p=1313"},"modified":"2009-05-12T11:09:04","modified_gmt":"2009-05-12T09:09:04","slug":"escandalo-en-francia-empleado-de-la-television-publica-despedido-por-ejercer-su-derecho-a-opinar-en-la-esfera-privada","status":"publish","type":"post","link":"https:\/\/lavigilanta.info\/?p=1313","title":{"rendered":"Esc\u00e1ndalo en Francia: empleado de la cadena televisiva TF1, despedido por ejercer su derecho a opinar en la esfera privada"},"content":{"rendered":"<p>Sarkozy es una verg\u00fcenza para la Rep\u00fablica Francesa. V\u00eda <a href=\"http:\/\/www.elmundo.es\/elmundo\/2009\/05\/08\/comunicacion\/1241775312.html\">El Mundo<\/a> me entero que en la cadena de televisi\u00f3n TF1 han despedido al responsable de innovaci\u00f3n por el siguiente delito: en su tiempo libre y desde su correo personal, ejerci\u00f3 de ciudadano responsable y se puso en contacto con el diputado de su distrito electoral para explicarle que est\u00e1 en contra de la ley hadopi (la de la desconexi\u00f3n a Internet).<\/p>\n<p>Parece ser que no es solo <a href=\"https:\/\/lavigilanta.info\/wordpress\/?p=884\">Ignasi Guardans el que considera que las personas que se toman en serio las instituciones democr\u00e1ticas y contactan con sus representantes son unos radicales a los que hay que ignorar<\/a>. Porque este diputado pas\u00f3 la misiva al ministerio de cultura, desde donde r\u00e1pidamente fue enviada al due\u00f1o de la cadena, un amigo de Sarkozy, quien a su vez despidi\u00f3 al empleado, argumentando \u00abfuertes diferencias con la estrategia de la cadena\u00bb.<\/p>\n<p>Insistimos: <a href=\"https:\/\/lavigilanta.info\/wordpress\/?p=382\">en 200 a\u00f1os, nada ha cambiado<\/a>. No quieren ciudadanos con todo lo que la palabra conlleva. Quieren d\u00f3ciles borreguitos, o mejor dicho&#8230; individuos c\u00ednicos que mucho se quejan pero no mueven un dedo para resolver eso de lo que se quejan. Cuando alguien levanta la cabeza ejerciendo sus derechos&#8230; \u00a1garrotazo! como en el juego ese de feria en los que a martillazos aporreas gusanitos emergentes.<\/p>\n<p>Os dejo deberes: \u00bfcu\u00e1ntas irregularidades se han cometido en esta cadena de vergonzosos eventos? Redacci\u00f3n de 100 palabras en los comentarios \ud83d\ude09<\/p>\n","protected":false},"excerpt":{"rendered":"<p>Sarkozy es una verg\u00fcenza para la Rep\u00fablica Francesa. V\u00eda El Mundo me entero que en la cadena de televisi\u00f3n TF1 han despedido al responsable de innovaci\u00f3n por el siguiente delito: en su tiempo libre y desde su correo personal, ejerci\u00f3 de ciudadano responsable y se puso en contacto con el diputado de su distrito electoral &hellip; <a href=\"https:\/\/lavigilanta.info\/?p=1313\" class=\"more-link\">Seguir leyendo <span class=\"screen-reader-text\">Esc\u00e1ndalo en Francia: empleado de la cadena televisiva TF1, despedido por ejercer su derecho a opinar en la esfera privada<\/span> <span class=\"meta-nav\">&rarr;<\/span><\/a><\/p>\n","protected":false},"author":2,"featured_media":0,"comment_status":"open","ping_status":"open","sticky":false,"template":"","format":"standard","meta":[],"categories":[29,57,116,120,171],"tags":[],"_links":{"self":[{"href":"https:\/\/lavigilanta.info\/index.php?rest_route=\/wp\/v2\/posts\/1313"}],"collection":[{"href":"https:\/\/lavigilanta.info\/index.php?rest_route=\/wp\/v2\/posts"}],"about":[{"href":"https:\/\/lavigilanta.info\/index.php?rest_route=\/wp\/v2\/types\/post"}],"author":[{"embeddable":true,"href":"https:\/\/lavigilanta.info\/index.php?rest_route=\/wp\/v2\/users\/2"}],"replies":[{"embeddable":true,"href":"https:\/\/lavigilanta.info\/index.php?rest_route=%2Fwp%2Fv2%2Fcomments&post=1313"}],"version-history":[{"count":1,"href":"https:\/\/lavigilanta.info\/index.php?rest_route=\/wp\/v2\/posts\/1313\/revisions"}],"predecessor-version":[{"id":1314,"href":"https:\/\/lavigilanta.info\/index.php?rest_route=\/wp\/v2\/posts\/1313\/revisions\/1314"}],"wp:attachment":[{"href":"https:\/\/lavigilanta.info\/index.php?rest_route=%2Fwp%2Fv2%2Fmedia&parent=1313"}],"wp:term":[{"taxonomy":"category","embeddable":true,"href":"https:\/\/lavigilanta.info\/index.php?rest_route=%2Fwp%2Fv2%2Fcategories&post=1313"},{"taxonomy":"post_tag","embeddable":true,"href":"https:\/\/lavigilanta.info\/index.php?rest_route=%2Fwp%2Fv2%2Ftags&post=1313"}],"curies":[{"name":"wp","href":"https:\/\/api.w.org\/{rel}","templated":true}]}}