{"id":1301,"date":"2009-04-28T11:46:08","date_gmt":"2009-04-28T09:46:08","guid":{"rendered":"http:\/\/lavigilanta.info\/wordpress\/?p=1301"},"modified":"2009-04-28T11:46:08","modified_gmt":"2009-04-28T09:46:08","slug":"manana-presentacion-del-libro-la-sociedad-de-control","status":"publish","type":"post","link":"https:\/\/lavigilanta.info\/?p=1301","title":{"rendered":"Ma\u00f1ana &#8211; presentaci\u00f3n del libro \u00abla sociedad de control\u00bb"},"content":{"rendered":"<p>Ma\u00f1ana mi\u00e9rcoles 29 a las 12:30 nuestro amigo <a href=\"http:\/\/www.versvs.net\">Versvs<\/a> presentar\u00e1 su libro \u00ab<a href=\"http:\/\/www.versvs.net\/la-sociedad-de-control\">la sociedad de control<\/a>\u00bb en el Centro de Innovaci\u00f3n de BBVA (Santa B\u00e1rbara 2, Madrid).<\/p>\n<p>Desde aqu\u00ed exhorto a los lectores de \u00bfqui\u00e9n vigila al vigilante? que vayan a estar en Madrid ma\u00f1ana a que acudan a este evento. Versvs ser\u00e1 presentado por I\u00f1igo Lamarca, defensor del pueblo de Euskadi, y Pablo Toja, director de Expansi\u00f3n Corporativa del Grupo BBVA.<\/p>\n<p>Estamos a las puertas de las elecciones europeas, en ese Parlamento se est\u00e1n debatiendo (y aprobando) medidas que van en la direcci\u00f3n tristemente predicha por \u00abla sociedad de control\u00bb (ley Sarkozy, extensi\u00f3n del copyright, retenci\u00f3n de datos relativos a las comunicaciones) y tristemente este va a ser <strong>el \u00fanico evento p\u00fablico <\/strong>que se celebre en Espa\u00f1a que trate de estos temas.<\/p>\n<p>Por ello este llamamiento. No solo porque el libro es de lectura imprescindible, no solo para arropar a Versvs en esta presentaci\u00f3n en sociedad de su obra &#8211; tambi\u00e9n porque un lleno hasta la bandera significar\u00e1 que estos asuntos a la ciudadan\u00eda nos importan.<\/p>\n<p>Ya sab\u00e9is, como en el poema de <a href=\"http:\/\/es.wikiquote.org\/wiki\/Martin_Niemoeller\">Niemoeller&#8230; <\/a>si no hacemos oir nuestra voz ahora, no esperemos que nadie nos cobije cuando entre tanta indiferencia la injusticia nos toque a nosotros.<\/p>\n<p><a href=\"http:\/\/coleccionplanta29.com\/la-sociedad-de-control\">M\u00e1s informaci\u00f3n sobre el evento en la Web de la colecci\u00f3n Planta 29<\/a>.<\/p>\n","protected":false},"excerpt":{"rendered":"<p>Ma\u00f1ana mi\u00e9rcoles 29 a las 12:30 nuestro amigo Versvs presentar\u00e1 su libro \u00abla sociedad de control\u00bb en el Centro de Innovaci\u00f3n de BBVA (Santa B\u00e1rbara 2, Madrid). Desde aqu\u00ed exhorto a los lectores de \u00bfqui\u00e9n vigila al vigilante? que vayan a estar en Madrid ma\u00f1ana a que acudan a este evento. Versvs ser\u00e1 presentado por &hellip; <a href=\"https:\/\/lavigilanta.info\/?p=1301\" class=\"more-link\">Seguir leyendo <span class=\"screen-reader-text\">Ma\u00f1ana &#8211; presentaci\u00f3n del libro \u00abla sociedad de control\u00bb<\/span> <span class=\"meta-nav\">&rarr;<\/span><\/a><\/p>\n","protected":false},"author":2,"featured_media":0,"comment_status":"open","ping_status":"open","sticky":false,"template":"","format":"standard","meta":[],"categories":[173,89,120,134],"tags":[],"_links":{"self":[{"href":"https:\/\/lavigilanta.info\/index.php?rest_route=\/wp\/v2\/posts\/1301"}],"collection":[{"href":"https:\/\/lavigilanta.info\/index.php?rest_route=\/wp\/v2\/posts"}],"about":[{"href":"https:\/\/lavigilanta.info\/index.php?rest_route=\/wp\/v2\/types\/post"}],"author":[{"embeddable":true,"href":"https:\/\/lavigilanta.info\/index.php?rest_route=\/wp\/v2\/users\/2"}],"replies":[{"embeddable":true,"href":"https:\/\/lavigilanta.info\/index.php?rest_route=%2Fwp%2Fv2%2Fcomments&post=1301"}],"version-history":[{"count":0,"href":"https:\/\/lavigilanta.info\/index.php?rest_route=\/wp\/v2\/posts\/1301\/revisions"}],"wp:attachment":[{"href":"https:\/\/lavigilanta.info\/index.php?rest_route=%2Fwp%2Fv2%2Fmedia&parent=1301"}],"wp:term":[{"taxonomy":"category","embeddable":true,"href":"https:\/\/lavigilanta.info\/index.php?rest_route=%2Fwp%2Fv2%2Fcategories&post=1301"},{"taxonomy":"post_tag","embeddable":true,"href":"https:\/\/lavigilanta.info\/index.php?rest_route=%2Fwp%2Fv2%2Ftags&post=1301"}],"curies":[{"name":"wp","href":"https:\/\/api.w.org\/{rel}","templated":true}]}}