{"id":1297,"date":"2009-04-23T11:11:26","date_gmt":"2009-04-23T09:11:26","guid":{"rendered":"http:\/\/lavigilanta.info\/wordpress\/?p=1297"},"modified":"2009-04-23T11:14:17","modified_gmt":"2009-04-23T09:14:17","slug":"rosa-se-lo-curro-espana-un-portatil-con-windows-para-todos-los-ninos-de-primaria","status":"publish","type":"post","link":"https:\/\/lavigilanta.info\/?p=1297","title":{"rendered":"Rosa se lo curr\u00f3. Espa\u00f1a: un port\u00e1til con Windows para todos los ni\u00f1os de primaria"},"content":{"rendered":"<p>Vemos que Rosa Mar\u00eda Garc\u00eda se lo ha currado de lo lindo. Est\u00e1 apareciendo por ah\u00ed la <a href=\"http:\/\/www.radiocable.com\/ordenador-nino-primaria7658.html\">noticia<\/a> de que el gobierno espa\u00f1ol est\u00e1 ultimando un plan para dotar a todos los alumnos de educaci\u00f3n primaria de un port\u00e1til para uso personal. En el proyecto habr\u00edan colaborado Intel, Vodafone y&#8230; Microsoft.<\/p>\n<p>Por supuesto, ha surgido un <a href=\"http:\/\/www.lapastillaroja.net\/archives\/001793.html\">llamamiento<\/a> a las comunidades aut\u00f3nomas que llevan a\u00f1os gast\u00e1ndose el dinero en crear distribuciones de Linux orientadas a la educaci\u00f3n para que rechacen el proyecto.<\/p>\n<p>Aqu\u00ed no solo se debate si el gobierno se gasta una millonada en licencias de Microsoft (que ya es importante de por s\u00ed). No, lo que se est\u00e1 definiendo es si tendremos una generaci\u00f3n futura de \u00abnativos digitales\u00bb cuya \u00ablengua materna\u00bb ser\u00e1 \u00abMicrosoft\u00bb y cualquier otro \u00abidioma\u00bb un mero exotismo. <\/p>\n<p>Interesante que por un lado ese gobierno se gaste <a href=\"http:\/\/www.lapastillaroja.net\/archives\/001783.html\">42 millones de euros en construir \u00abla catedral del software libre\u00bb, <\/a>proyecto estrella del \u00ab<a href=\"http:\/\/www.planavanza.es\/\">plan avanza<\/a>\u00bb de impulso de la sociedad de la informaci\u00f3n, y por el otro, con este port\u00e1til para los ni\u00f1os hace que en cuesti\u00f3n de una d\u00e9cada el software libre est\u00e9 tan muerto como el lat\u00edn.<\/p>\n<p><strong>Conclusi\u00f3n:<\/strong> \u00abla catedral del software libre\u00bb en realidad no es un proyecto del plan avanza para potenciar la sociedad de la informaci\u00f3n&#8230; es un pelotazo urban\u00edstico.<\/p>\n<p><strong>Postdata<\/strong>: nuestros vecinos portugueses nos llevan ventaja. Su port\u00e1til para las escuelas se llama <a href=\"http:\/\/www.portatilmagalhaes.com\">Magalh\u00e3es<\/a> y lleva tiempo dando guerra. La soluci\u00f3n al debate Linux\/Windows lo han solucionado de manera salom\u00f3nica: <a href=\"http:\/\/www.portatilmagalhaes.com\/especificacoes-de-software-do-magalhaes\/\">arranque dual Windows XP\/distribuci\u00f3n Linux \u00abCaixa M\u00e1gica\u00bb<\/a> (\u00a1qu\u00e9 nombre m\u00e1s bonito!)<\/p>\n","protected":false},"excerpt":{"rendered":"<p>Vemos que Rosa Mar\u00eda Garc\u00eda se lo ha currado de lo lindo. Est\u00e1 apareciendo por ah\u00ed la noticia de que el gobierno espa\u00f1ol est\u00e1 ultimando un plan para dotar a todos los alumnos de educaci\u00f3n primaria de un port\u00e1til para uso personal. En el proyecto habr\u00edan colaborado Intel, Vodafone y&#8230; Microsoft. Por supuesto, ha surgido &hellip; <a href=\"https:\/\/lavigilanta.info\/?p=1297\" class=\"more-link\">Seguir leyendo <span class=\"screen-reader-text\">Rosa se lo curr\u00f3. Espa\u00f1a: un port\u00e1til con Windows para todos los ni\u00f1os de primaria<\/span> <span class=\"meta-nav\">&rarr;<\/span><\/a><\/p>\n","protected":false},"author":2,"featured_media":0,"comment_status":"open","ping_status":"open","sticky":false,"template":"","format":"standard","meta":[],"categories":[54,116,134,135],"tags":[],"_links":{"self":[{"href":"https:\/\/lavigilanta.info\/index.php?rest_route=\/wp\/v2\/posts\/1297"}],"collection":[{"href":"https:\/\/lavigilanta.info\/index.php?rest_route=\/wp\/v2\/posts"}],"about":[{"href":"https:\/\/lavigilanta.info\/index.php?rest_route=\/wp\/v2\/types\/post"}],"author":[{"embeddable":true,"href":"https:\/\/lavigilanta.info\/index.php?rest_route=\/wp\/v2\/users\/2"}],"replies":[{"embeddable":true,"href":"https:\/\/lavigilanta.info\/index.php?rest_route=%2Fwp%2Fv2%2Fcomments&post=1297"}],"version-history":[{"count":1,"href":"https:\/\/lavigilanta.info\/index.php?rest_route=\/wp\/v2\/posts\/1297\/revisions"}],"predecessor-version":[{"id":1298,"href":"https:\/\/lavigilanta.info\/index.php?rest_route=\/wp\/v2\/posts\/1297\/revisions\/1298"}],"wp:attachment":[{"href":"https:\/\/lavigilanta.info\/index.php?rest_route=%2Fwp%2Fv2%2Fmedia&parent=1297"}],"wp:term":[{"taxonomy":"category","embeddable":true,"href":"https:\/\/lavigilanta.info\/index.php?rest_route=%2Fwp%2Fv2%2Fcategories&post=1297"},{"taxonomy":"post_tag","embeddable":true,"href":"https:\/\/lavigilanta.info\/index.php?rest_route=%2Fwp%2Fv2%2Ftags&post=1297"}],"curies":[{"name":"wp","href":"https:\/\/api.w.org\/{rel}","templated":true}]}}