{"id":129,"date":"2006-02-22T15:49:00","date_gmt":"2006-02-22T15:49:00","guid":{"rendered":"http:\/\/lavigilanta.info\/wordpress\/?p=129"},"modified":"2006-02-22T15:49:00","modified_gmt":"2006-02-22T15:49:00","slug":"los-25-aprueban-la-retencion-de-datos-europea","status":"publish","type":"post","link":"https:\/\/lavigilanta.info\/?p=129","title":{"rendered":"Los 25 aprueban la retenci\u00f3n de datos europea"},"content":{"rendered":"<p>V\u00eda <a href=\"http:\/\/www.elmundo.es\/navegante\/2006\/02\/21\/esociedad\/1140523143.html\">El Navegante de El Mundo<\/a>.<\/p>\n<p>Con la oposici\u00f3n de Eslovaquia e Irlanda (ya sab\u00e9is a d\u00f3nde hay que ir de vacaciones), se aprob\u00f3. Un resumen r\u00e1pido:<\/p>\n<p>Retenci\u00f3n de datos sobre comunicaciones entre 6 y 24 meses.<\/p>\n<p>Los Estados miembros de la UE tienen 18 meses de plazo para adaptar su legislaci\u00f3n con el objetivo de que satisfaga lo estipulado en la directiva.<\/p>\n<p>Se retienen datos relativos a todo tipo de llamadas: realizadas, perdidas, etc, y datos sobre los emails enviados.<\/p>\n<p>Tambi\u00e9n la \u00ablocalizaci\u00f3n\u00bb (tracking) de d\u00f3nde se realiz\u00f3 la llamada si es que fue de m\u00f3vil.<\/p>\n<p>Tambi\u00e9n la fecha de compra y activaci\u00f3n de una tarjeta prepago del m\u00f3vil.<\/p>\n<p>Tambi\u00e9n para comunicaciones por Internet las direcciones IP din\u00e1mica y est\u00e1tica asignadas por el ISP, nombre y direcci\u00f3n del usuario, y los timestamps.<\/p>\n<p>Ojito, que el m\u00f3vil \u00abmuerde\u00bb y el email, tambi\u00e9n \ud83d\ude41<\/p>\n","protected":false},"excerpt":{"rendered":"<p>V\u00eda El Navegante de El Mundo. Con la oposici\u00f3n de Eslovaquia e Irlanda (ya sab\u00e9is a d\u00f3nde hay que ir de vacaciones), se aprob\u00f3. Un resumen r\u00e1pido: Retenci\u00f3n de datos sobre comunicaciones entre 6 y 24 meses. Los Estados miembros de la UE tienen 18 meses de plazo para adaptar su legislaci\u00f3n con el objetivo &hellip; <a href=\"https:\/\/lavigilanta.info\/?p=129\" class=\"more-link\">Seguir leyendo <span class=\"screen-reader-text\">Los 25 aprueban la retenci\u00f3n de datos europea<\/span> <span class=\"meta-nav\">&rarr;<\/span><\/a><\/p>\n","protected":false},"author":2,"featured_media":0,"comment_status":"open","ping_status":"open","sticky":false,"template":"","format":"standard","meta":[],"categories":[1],"tags":[],"_links":{"self":[{"href":"https:\/\/lavigilanta.info\/index.php?rest_route=\/wp\/v2\/posts\/129"}],"collection":[{"href":"https:\/\/lavigilanta.info\/index.php?rest_route=\/wp\/v2\/posts"}],"about":[{"href":"https:\/\/lavigilanta.info\/index.php?rest_route=\/wp\/v2\/types\/post"}],"author":[{"embeddable":true,"href":"https:\/\/lavigilanta.info\/index.php?rest_route=\/wp\/v2\/users\/2"}],"replies":[{"embeddable":true,"href":"https:\/\/lavigilanta.info\/index.php?rest_route=%2Fwp%2Fv2%2Fcomments&post=129"}],"version-history":[{"count":0,"href":"https:\/\/lavigilanta.info\/index.php?rest_route=\/wp\/v2\/posts\/129\/revisions"}],"wp:attachment":[{"href":"https:\/\/lavigilanta.info\/index.php?rest_route=%2Fwp%2Fv2%2Fmedia&parent=129"}],"wp:term":[{"taxonomy":"category","embeddable":true,"href":"https:\/\/lavigilanta.info\/index.php?rest_route=%2Fwp%2Fv2%2Fcategories&post=129"},{"taxonomy":"post_tag","embeddable":true,"href":"https:\/\/lavigilanta.info\/index.php?rest_route=%2Fwp%2Fv2%2Ftags&post=129"}],"curies":[{"name":"wp","href":"https:\/\/api.w.org\/{rel}","templated":true}]}}