{"id":1268,"date":"2009-04-08T10:54:16","date_gmt":"2009-04-08T08:54:16","guid":{"rendered":"http:\/\/lavigilanta.info\/wordpress\/?p=1268"},"modified":"2009-04-08T11:40:52","modified_gmt":"2009-04-08T09:40:52","slug":"spain-is-different","status":"publish","type":"post","link":"https:\/\/lavigilanta.info\/?p=1268","title":{"rendered":"Spain is different"},"content":{"rendered":"<p>Danota H\u00fcbner, la comisaria europea de Pol\u00edtica Regional, una se\u00f1ora con un sentido com\u00fan enorme, dice en una entrevista a <a href=\"http:\/\/www.elmundo.es\/elmundo\/2009\/04\/06\/union_europea\/1239015181.html\">El Mundo<\/a> lo siguiente: <\/p>\n<blockquote><p>La comisaria de Pol\u00edtica Regional de la Uni\u00f3n Europea, Danuta H\u00fcbner, ha asegurado que lo peor que ha hecho Espa\u00f1a con respecto a la gestion de los fondos europeos provenientes de la politica de cohesi\u00f3n es haberse dado cuenta \u00abdemasiado tarde de la importancia de invertir en tecnolog\u00eda\u00bb.<\/p><\/blockquote>\n<p>No obstante, esto es lo que opina la nueva ministra de cultura, Angeles Gonz\u00e1lez-Sinde, al respecto: (<a href=\"http:\/\/www.elpais.com\/articulo\/cultura\/presidenta\/Academia\/Cine\/banda\/ancha\/elpepucul\/20080410elpepucul_4\/Tes\">art\u00edculo en El Pa\u00eds<\/a>):<\/p>\n<blockquote><p>Gonz\u00e1lez-Sinde asegur\u00f3 que a los creadores les va \u00abfant\u00e1stico\u00bb con el Ministerio de Cultura pero dijo estar preocupada porque el de Industria \u00absienta m\u00e1s empat\u00eda hacia el importador de tecnolog\u00eda que con las necesidades de 8.500 autores y creadores\u00bb. <\/p><\/blockquote>\n<p>Esto no es todo, amiguitos. A\u00fan hay m\u00e1s:<\/p>\n<blockquote><p>Gonz\u00e1lez-Sinde se pregunta: \u00bfpara qu\u00e9 necesitamos ADSL a no s\u00e9 cu\u00e1ntos gigas? <\/p><\/blockquote>\n<p>Esto es de juzgado de guardia. Ahora ya sabemos \u00abla magnitud del problema\u00bb de la cultura en Espa\u00f1a. Por salvar las habichuelas de 8.500 personas (de un total de 45 millones de ciudadanos), es decir, del 0,01% de habitantes en Espa\u00f1a, \u00bftenemos que poner en la cuerda floja las posibilidades de desarrollo futuro de todo el pa\u00eds?<\/p>\n<p>\u00bfPor qu\u00e9 no hacemos a esos 8.500 \u00abculturetas profesionales\u00bb funcionarios dependientes del Ministerio de Cultura, y cuando se mueran (tras una larga vida habiendo cobrando sueldo de funcionario hasta los 65 y despu\u00e9s su pensi\u00f3n, por supuesto) se acaba el problema? Si echamos cuentas, seguro que el coste es mucho menor que el de seguir siendo una mierda de pa\u00eds dependiente exclusivamente del turismo y de los tochos, sin posibilidad de desarrollar la Sociedad de la Informaci\u00f3n porque \u00bfpara qu\u00e9 banda ancha universal? Se\u00f1ora Sinde, \u00bfpara cu\u00e1ndo sugerir que para qu\u00e9 electricidad y agua potable en todos los hogares?<\/p>\n<p>\u00a1\u00a1Gonz\u00e1lez-Sinde, dimisi\u00f3n!!<br \/>\n<img decoding=\"async\" loading=\"lazy\" src=\"https:\/\/lavigilanta.info\/wordpress\/wp-content\/uploads\/2009\/04\/baner_sinde.gif\" alt=\"baner_sinde\" title=\"baner_sinde\" width=\"420\" height=\"60\" class=\"alignnone size-full wp-image-1270\" srcset=\"https:\/\/lavigilanta.info\/wp-content\/uploads\/2009\/04\/baner_sinde.gif 420w, https:\/\/lavigilanta.info\/wp-content\/uploads\/2009\/04\/baner_sinde-300x42.gif 300w\" sizes=\"(max-width: 420px) 100vw, 420px\" \/><\/p>\n","protected":false},"excerpt":{"rendered":"<p>Danota H\u00fcbner, la comisaria europea de Pol\u00edtica Regional, una se\u00f1ora con un sentido com\u00fan enorme, dice en una entrevista a El Mundo lo siguiente: La comisaria de Pol\u00edtica Regional de la Uni\u00f3n Europea, Danuta H\u00fcbner, ha asegurado que lo peor que ha hecho Espa\u00f1a con respecto a la gestion de los fondos europeos provenientes de &hellip; <a href=\"https:\/\/lavigilanta.info\/?p=1268\" class=\"more-link\">Seguir leyendo <span class=\"screen-reader-text\">Spain is different<\/span> <span class=\"meta-nav\">&rarr;<\/span><\/a><\/p>\n","protected":false},"author":2,"featured_media":0,"comment_status":"open","ping_status":"open","sticky":false,"template":"","format":"standard","meta":[],"categories":[54,171],"tags":[],"_links":{"self":[{"href":"https:\/\/lavigilanta.info\/index.php?rest_route=\/wp\/v2\/posts\/1268"}],"collection":[{"href":"https:\/\/lavigilanta.info\/index.php?rest_route=\/wp\/v2\/posts"}],"about":[{"href":"https:\/\/lavigilanta.info\/index.php?rest_route=\/wp\/v2\/types\/post"}],"author":[{"embeddable":true,"href":"https:\/\/lavigilanta.info\/index.php?rest_route=\/wp\/v2\/users\/2"}],"replies":[{"embeddable":true,"href":"https:\/\/lavigilanta.info\/index.php?rest_route=%2Fwp%2Fv2%2Fcomments&post=1268"}],"version-history":[{"count":3,"href":"https:\/\/lavigilanta.info\/index.php?rest_route=\/wp\/v2\/posts\/1268\/revisions"}],"predecessor-version":[{"id":1271,"href":"https:\/\/lavigilanta.info\/index.php?rest_route=\/wp\/v2\/posts\/1268\/revisions\/1271"}],"wp:attachment":[{"href":"https:\/\/lavigilanta.info\/index.php?rest_route=%2Fwp%2Fv2%2Fmedia&parent=1268"}],"wp:term":[{"taxonomy":"category","embeddable":true,"href":"https:\/\/lavigilanta.info\/index.php?rest_route=%2Fwp%2Fv2%2Fcategories&post=1268"},{"taxonomy":"post_tag","embeddable":true,"href":"https:\/\/lavigilanta.info\/index.php?rest_route=%2Fwp%2Fv2%2Ftags&post=1268"}],"curies":[{"name":"wp","href":"https:\/\/api.w.org\/{rel}","templated":true}]}}