{"id":1239,"date":"2009-02-28T17:22:56","date_gmt":"2009-02-28T15:22:56","guid":{"rendered":"http:\/\/lavigilanta.info\/wordpress\/?p=1239"},"modified":"2009-02-28T17:22:56","modified_gmt":"2009-02-28T15:22:56","slug":"%c2%bfpa-que-ir-a-canada-si-tenemos-el-pirineo","status":"publish","type":"post","link":"https:\/\/lavigilanta.info\/?p=1239","title":{"rendered":"\u00bfPa&#8217; qu\u00e9 ir a Canad\u00e1 si tenemos el Pirineo?"},"content":{"rendered":"<p>Siguiendo la saga <em><a href=\"https:\/\/lavigilanta.info\/wordpress\/?p=1224\">Turisme de Girona, no salga de su casa<\/a>, <\/em>leemos que <a href=\"http:\/\/www.lavanguardia.es\/ciudadanos\/noticias\/20090228\/53650285294\/turisme-de-girona-uso-una-foto-de-canada-para-promover-el-pirineo.html\">han utilizado fotos de Canad\u00e1 para promover el turismo en el Pirineo<\/a>.<\/p>\n<p>No somos los \u00fanicos en exaltar la virtud de lo propio y promover la ignorancia (y el odio) hacia lo for\u00e1neo. <a href=\"http:\/\/www.arfues.net\/weblog\/aliments-i-nacionalisme\">Arnau Fuentes escribi\u00f3 recientemente sobre la \u00abversi\u00f3n brit\u00e1nica\u00bb del mismo fen\u00f3meno<\/a>.<\/p>\n<p>Y ojo, que no se malienterprete&#8230; mal de muchos consejo de tontos&#8230; es decir, el \u00abno soy el \u00fanico\u00bb para justificarse no es aceptable.<\/p>\n","protected":false},"excerpt":{"rendered":"<p>Siguiendo la saga Turisme de Girona, no salga de su casa, leemos que han utilizado fotos de Canad\u00e1 para promover el turismo en el Pirineo. No somos los \u00fanicos en exaltar la virtud de lo propio y promover la ignorancia (y el odio) hacia lo for\u00e1neo. Arnau Fuentes escribi\u00f3 recientemente sobre la \u00abversi\u00f3n brit\u00e1nica\u00bb del &hellip; <a href=\"https:\/\/lavigilanta.info\/?p=1239\" class=\"more-link\">Seguir leyendo <span class=\"screen-reader-text\">\u00bfPa&#8217; qu\u00e9 ir a Canad\u00e1 si tenemos el Pirineo?<\/span> <span class=\"meta-nav\">&rarr;<\/span><\/a><\/p>\n","protected":false},"author":2,"featured_media":0,"comment_status":"open","ping_status":"open","sticky":false,"template":"","format":"standard","meta":[],"categories":[108],"tags":[],"_links":{"self":[{"href":"https:\/\/lavigilanta.info\/index.php?rest_route=\/wp\/v2\/posts\/1239"}],"collection":[{"href":"https:\/\/lavigilanta.info\/index.php?rest_route=\/wp\/v2\/posts"}],"about":[{"href":"https:\/\/lavigilanta.info\/index.php?rest_route=\/wp\/v2\/types\/post"}],"author":[{"embeddable":true,"href":"https:\/\/lavigilanta.info\/index.php?rest_route=\/wp\/v2\/users\/2"}],"replies":[{"embeddable":true,"href":"https:\/\/lavigilanta.info\/index.php?rest_route=%2Fwp%2Fv2%2Fcomments&post=1239"}],"version-history":[{"count":0,"href":"https:\/\/lavigilanta.info\/index.php?rest_route=\/wp\/v2\/posts\/1239\/revisions"}],"wp:attachment":[{"href":"https:\/\/lavigilanta.info\/index.php?rest_route=%2Fwp%2Fv2%2Fmedia&parent=1239"}],"wp:term":[{"taxonomy":"category","embeddable":true,"href":"https:\/\/lavigilanta.info\/index.php?rest_route=%2Fwp%2Fv2%2Fcategories&post=1239"},{"taxonomy":"post_tag","embeddable":true,"href":"https:\/\/lavigilanta.info\/index.php?rest_route=%2Fwp%2Fv2%2Ftags&post=1239"}],"curies":[{"name":"wp","href":"https:\/\/api.w.org\/{rel}","templated":true}]}}