{"id":1233,"date":"2009-02-24T17:49:36","date_gmt":"2009-02-24T15:49:36","guid":{"rendered":"http:\/\/lavigilanta.info\/wordpress\/?p=1233"},"modified":"2009-02-24T17:49:36","modified_gmt":"2009-02-24T15:49:36","slug":"%c2%bfpor-que-no-hablo-de-facebook","status":"publish","type":"post","link":"https:\/\/lavigilanta.info\/?p=1233","title":{"rendered":"\u00bfPor qu\u00e9 no hablo de Facebook?"},"content":{"rendered":"<p>No hablo de Facebook, no comento los posibles cambios de pol\u00edtica al respecto de la propiedad de los datos personales almacenados en \u00e9l ni nada de ese estilo por una simple raz\u00f3n. Cuando yo era peque\u00f1a aprend\u00ed mediante una dolorosa experiencia que esta frase es una verdad universal:<\/p>\n<blockquote><p>\u00abSanta Rita, Rita, lo que se da no se quita\u00bb.<\/p><\/blockquote>\n<p>Si le doy mis datos a Facebook ya se los he dado. Que luego hagan lo que sea con ellos est\u00e1 fuera de mi control. \u00bfNo somos la generaci\u00f3n m\u00e1s preparada de la historia? Pues que se note, carajo. Pong\u00e1monos a pensar en las consecuencias de nuestros actos en lugar de llorar despu\u00e9s.<\/p>\n","protected":false},"excerpt":{"rendered":"<p>No hablo de Facebook, no comento los posibles cambios de pol\u00edtica al respecto de la propiedad de los datos personales almacenados en \u00e9l ni nada de ese estilo por una simple raz\u00f3n. Cuando yo era peque\u00f1a aprend\u00ed mediante una dolorosa experiencia que esta frase es una verdad universal: \u00abSanta Rita, Rita, lo que se da &hellip; <a href=\"https:\/\/lavigilanta.info\/?p=1233\" class=\"more-link\">Seguir leyendo <span class=\"screen-reader-text\">\u00bfPor qu\u00e9 no hablo de Facebook?<\/span> <span class=\"meta-nav\">&rarr;<\/span><\/a><\/p>\n","protected":false},"author":2,"featured_media":0,"comment_status":"open","ping_status":"open","sticky":false,"template":"","format":"standard","meta":[],"categories":[42],"tags":[],"_links":{"self":[{"href":"https:\/\/lavigilanta.info\/index.php?rest_route=\/wp\/v2\/posts\/1233"}],"collection":[{"href":"https:\/\/lavigilanta.info\/index.php?rest_route=\/wp\/v2\/posts"}],"about":[{"href":"https:\/\/lavigilanta.info\/index.php?rest_route=\/wp\/v2\/types\/post"}],"author":[{"embeddable":true,"href":"https:\/\/lavigilanta.info\/index.php?rest_route=\/wp\/v2\/users\/2"}],"replies":[{"embeddable":true,"href":"https:\/\/lavigilanta.info\/index.php?rest_route=%2Fwp%2Fv2%2Fcomments&post=1233"}],"version-history":[{"count":0,"href":"https:\/\/lavigilanta.info\/index.php?rest_route=\/wp\/v2\/posts\/1233\/revisions"}],"wp:attachment":[{"href":"https:\/\/lavigilanta.info\/index.php?rest_route=%2Fwp%2Fv2%2Fmedia&parent=1233"}],"wp:term":[{"taxonomy":"category","embeddable":true,"href":"https:\/\/lavigilanta.info\/index.php?rest_route=%2Fwp%2Fv2%2Fcategories&post=1233"},{"taxonomy":"post_tag","embeddable":true,"href":"https:\/\/lavigilanta.info\/index.php?rest_route=%2Fwp%2Fv2%2Ftags&post=1233"}],"curies":[{"name":"wp","href":"https:\/\/api.w.org\/{rel}","templated":true}]}}