{"id":1224,"date":"2009-02-11T16:09:52","date_gmt":"2009-02-11T14:09:52","guid":{"rendered":"http:\/\/lavigilanta.info\/wordpress\/?p=1224"},"modified":"2009-02-11T17:55:02","modified_gmt":"2009-02-11T15:55:02","slug":"%c2%bfpara-que-ir-al-caribe-si-menorca-esta-igual-de-bien","status":"publish","type":"post","link":"https:\/\/lavigilanta.info\/?p=1224","title":{"rendered":"\u00bfPara qu\u00e9 ir al Caribe si Menorca est\u00e1 igual de bien?"},"content":{"rendered":"<p>\u00ab\u00bfPara qu\u00e9 ir al Caribe, si Menorca est\u00e1 igual de bien?\u00bb <\/p>\n<p>Cuando o\u00ed que alguien muy cercano a m\u00ed espetaba esas palabras, me dieron ganas de estrangularlo. Luego recapacit\u00e9 y mejor me dieron ganas de estrangular a quien sea que ha orquestado desde la tele, los medios de comunicaci\u00f3n y qui\u00e9n sabe qu\u00e9 m\u00e1s, los valores y el sentir popular del pa\u00eds. \u00a1Villaconejos de Abajo es lo mejor del mundo! \u00a1Para qu\u00e9 ir a Villaconejos de Arriba si aqu\u00ed se est\u00e1 tan a gustito!<\/p>\n<p>Por eso no me extra\u00f1a que <a href=\"http:\/\/www.lavanguardia.es\/ciudadanos\/noticias\/20090211\/53638219363\/el-patronat-de-turisme-costa-brava-promociona-el-litoral-de-girona-con-una-imagen-de-las-bahamas.html\">el Patronat de Turisme de Girona use fotos hechas EN LAS BAHAMAS para promocionar la Costa Brava<\/a>. \u00a1Y encima usaron el Photoshop para \u00abapa\u00f1ar\u00bb el color del mar y que el fraude no \u00abcantase\u00bb tanto!<\/p>\n","protected":false},"excerpt":{"rendered":"<p>\u00ab\u00bfPara qu\u00e9 ir al Caribe, si Menorca est\u00e1 igual de bien?\u00bb Cuando o\u00ed que alguien muy cercano a m\u00ed espetaba esas palabras, me dieron ganas de estrangularlo. Luego recapacit\u00e9 y mejor me dieron ganas de estrangular a quien sea que ha orquestado desde la tele, los medios de comunicaci\u00f3n y qui\u00e9n sabe qu\u00e9 m\u00e1s, los &hellip; <a href=\"https:\/\/lavigilanta.info\/?p=1224\" class=\"more-link\">Seguir leyendo <span class=\"screen-reader-text\">\u00bfPara qu\u00e9 ir al Caribe si Menorca est\u00e1 igual de bien?<\/span> <span class=\"meta-nav\">&rarr;<\/span><\/a><\/p>\n","protected":false},"author":2,"featured_media":0,"comment_status":"open","ping_status":"open","sticky":false,"template":"","format":"standard","meta":[],"categories":[108],"tags":[],"_links":{"self":[{"href":"https:\/\/lavigilanta.info\/index.php?rest_route=\/wp\/v2\/posts\/1224"}],"collection":[{"href":"https:\/\/lavigilanta.info\/index.php?rest_route=\/wp\/v2\/posts"}],"about":[{"href":"https:\/\/lavigilanta.info\/index.php?rest_route=\/wp\/v2\/types\/post"}],"author":[{"embeddable":true,"href":"https:\/\/lavigilanta.info\/index.php?rest_route=\/wp\/v2\/users\/2"}],"replies":[{"embeddable":true,"href":"https:\/\/lavigilanta.info\/index.php?rest_route=%2Fwp%2Fv2%2Fcomments&post=1224"}],"version-history":[{"count":1,"href":"https:\/\/lavigilanta.info\/index.php?rest_route=\/wp\/v2\/posts\/1224\/revisions"}],"predecessor-version":[{"id":1225,"href":"https:\/\/lavigilanta.info\/index.php?rest_route=\/wp\/v2\/posts\/1224\/revisions\/1225"}],"wp:attachment":[{"href":"https:\/\/lavigilanta.info\/index.php?rest_route=%2Fwp%2Fv2%2Fmedia&parent=1224"}],"wp:term":[{"taxonomy":"category","embeddable":true,"href":"https:\/\/lavigilanta.info\/index.php?rest_route=%2Fwp%2Fv2%2Fcategories&post=1224"},{"taxonomy":"post_tag","embeddable":true,"href":"https:\/\/lavigilanta.info\/index.php?rest_route=%2Fwp%2Fv2%2Ftags&post=1224"}],"curies":[{"name":"wp","href":"https:\/\/api.w.org\/{rel}","templated":true}]}}