{"id":1197,"date":"2009-01-28T11:51:26","date_gmt":"2009-01-28T09:51:26","guid":{"rendered":"http:\/\/lavigilanta.info\/wordpress\/?p=1197"},"modified":"2009-01-28T11:51:26","modified_gmt":"2009-01-28T09:51:26","slug":"28-de-enero-dia-europeo-de-la-proteccion-de-datos","status":"publish","type":"post","link":"https:\/\/lavigilanta.info\/?p=1197","title":{"rendered":"28 de enero: d\u00eda europeo de la protecci\u00f3n de datos"},"content":{"rendered":"<p><img decoding=\"async\" src=\"https:\/\/lavigilanta.info\/wordpress\/wp-content\/uploads\/2009\/01\/dia-europeo-de-proteccion-de-datos1.jpg\"><br \/>\n<br \/>\nMarquen sus calendarios&#8230; hoy 28 de enero es el <a href=\"https:\/\/www.agpd.es\/portalweb\/Dia_europeo_2009-ides-idweb.html\">d\u00eda europeo de la protecci\u00f3n de datos<\/a>.<\/p>\n<p>Celebr\u00e9moslo con un meme muy particular&#8230; expliquemos la importancia del derecho a la privacidad y el rol que la protecci\u00f3n juega en ello a cinco personas. Pero no por Internet&#8230; de viva voz.<\/p>\n","protected":false},"excerpt":{"rendered":"<p>Marquen sus calendarios&#8230; hoy 28 de enero es el d\u00eda europeo de la protecci\u00f3n de datos. Celebr\u00e9moslo con un meme muy particular&#8230; expliquemos la importancia del derecho a la privacidad y el rol que la protecci\u00f3n juega en ello a cinco personas. Pero no por Internet&#8230; de viva voz.<\/p>\n","protected":false},"author":2,"featured_media":0,"comment_status":"open","ping_status":"open","sticky":false,"template":"","format":"standard","meta":[],"categories":[120],"tags":[],"_links":{"self":[{"href":"https:\/\/lavigilanta.info\/index.php?rest_route=\/wp\/v2\/posts\/1197"}],"collection":[{"href":"https:\/\/lavigilanta.info\/index.php?rest_route=\/wp\/v2\/posts"}],"about":[{"href":"https:\/\/lavigilanta.info\/index.php?rest_route=\/wp\/v2\/types\/post"}],"author":[{"embeddable":true,"href":"https:\/\/lavigilanta.info\/index.php?rest_route=\/wp\/v2\/users\/2"}],"replies":[{"embeddable":true,"href":"https:\/\/lavigilanta.info\/index.php?rest_route=%2Fwp%2Fv2%2Fcomments&post=1197"}],"version-history":[{"count":1,"href":"https:\/\/lavigilanta.info\/index.php?rest_route=\/wp\/v2\/posts\/1197\/revisions"}],"predecessor-version":[{"id":1198,"href":"https:\/\/lavigilanta.info\/index.php?rest_route=\/wp\/v2\/posts\/1197\/revisions\/1198"}],"wp:attachment":[{"href":"https:\/\/lavigilanta.info\/index.php?rest_route=%2Fwp%2Fv2%2Fmedia&parent=1197"}],"wp:term":[{"taxonomy":"category","embeddable":true,"href":"https:\/\/lavigilanta.info\/index.php?rest_route=%2Fwp%2Fv2%2Fcategories&post=1197"},{"taxonomy":"post_tag","embeddable":true,"href":"https:\/\/lavigilanta.info\/index.php?rest_route=%2Fwp%2Fv2%2Ftags&post=1197"}],"curies":[{"name":"wp","href":"https:\/\/api.w.org\/{rel}","templated":true}]}}