{"id":1169,"date":"2009-01-14T15:05:30","date_gmt":"2009-01-14T13:05:30","guid":{"rendered":"http:\/\/lavigilanta.info\/wordpress\/?p=1169"},"modified":"2009-01-14T15:08:04","modified_gmt":"2009-01-14T13:08:04","slug":"las-empresas-y-la-gestion-de-datos","status":"publish","type":"post","link":"https:\/\/lavigilanta.info\/?p=1169","title":{"rendered":"Las empresas y la gesti\u00f3n de datos"},"content":{"rendered":"<p><a href=\"http:\/\/www.felixharo.es\/\">F\u00e9lix Haro<\/a> ha dedicado una serie de posts al asunto del (escaso) cumplimiento de las diferentes normativas de protecci\u00f3n de datos por parte de muchas empresas consideradas serias.<\/p>\n<p>Ayer tom\u00e9 esta foto en el pol\u00edgono industrial donde trabajo. Se trata de una estaci\u00f3n de destrucci\u00f3n de documentaci\u00f3n confidencial \u00aba domicilio\u00bb. Las empresas que contratan su servicio reciben unos contenedores cerrados con llave donde se pueden depositar papeles pero no se pueden abrir si no es con el consentimiento (y la llave, claro) de un manager. Si no me equivoco, el coste son 100 libras esterlinas por visita del cami\u00f3n y un m\u00e1ximo de 5 contenedores.<\/p>\n<p><a href=\"https:\/\/lavigilanta.info\/wordpress\/wp-content\/uploads\/2009\/01\/photo.jpg\"><img decoding=\"async\" loading=\"lazy\" src=\"https:\/\/lavigilanta.info\/wordpress\/wp-content\/uploads\/2009\/01\/photo.jpg\" alt=\"photo\" title=\"photo\" width=\"320\" height=\"240\" class=\"alignnone size-full wp-image-1170\" srcset=\"https:\/\/lavigilanta.info\/wp-content\/uploads\/2009\/01\/photo.jpg 800w, https:\/\/lavigilanta.info\/wp-content\/uploads\/2009\/01\/photo-300x225.jpg 300w\" sizes=\"(max-width: 320px) 100vw, 320px\" \/><\/a><\/p>\n<p>La protecci\u00f3n de datos es como la seguridad. Una vez empiezas a ver las cosas \u00abcon esas gafas\u00bb, ves problemas y oportunidades de mejora por todas partes.<\/p>\n","protected":false},"excerpt":{"rendered":"<p>F\u00e9lix Haro ha dedicado una serie de posts al asunto del (escaso) cumplimiento de las diferentes normativas de protecci\u00f3n de datos por parte de muchas empresas consideradas serias. Ayer tom\u00e9 esta foto en el pol\u00edgono industrial donde trabajo. Se trata de una estaci\u00f3n de destrucci\u00f3n de documentaci\u00f3n confidencial \u00aba domicilio\u00bb. Las empresas que contratan su &hellip; <a href=\"https:\/\/lavigilanta.info\/?p=1169\" class=\"more-link\">Seguir leyendo <span class=\"screen-reader-text\">Las empresas y la gesti\u00f3n de datos<\/span> <span class=\"meta-nav\">&rarr;<\/span><\/a><\/p>\n","protected":false},"author":2,"featured_media":0,"comment_status":"open","ping_status":"open","sticky":false,"template":"","format":"standard","meta":[],"categories":[42,162],"tags":[],"_links":{"self":[{"href":"https:\/\/lavigilanta.info\/index.php?rest_route=\/wp\/v2\/posts\/1169"}],"collection":[{"href":"https:\/\/lavigilanta.info\/index.php?rest_route=\/wp\/v2\/posts"}],"about":[{"href":"https:\/\/lavigilanta.info\/index.php?rest_route=\/wp\/v2\/types\/post"}],"author":[{"embeddable":true,"href":"https:\/\/lavigilanta.info\/index.php?rest_route=\/wp\/v2\/users\/2"}],"replies":[{"embeddable":true,"href":"https:\/\/lavigilanta.info\/index.php?rest_route=%2Fwp%2Fv2%2Fcomments&post=1169"}],"version-history":[{"count":4,"href":"https:\/\/lavigilanta.info\/index.php?rest_route=\/wp\/v2\/posts\/1169\/revisions"}],"predecessor-version":[{"id":1174,"href":"https:\/\/lavigilanta.info\/index.php?rest_route=\/wp\/v2\/posts\/1169\/revisions\/1174"}],"wp:attachment":[{"href":"https:\/\/lavigilanta.info\/index.php?rest_route=%2Fwp%2Fv2%2Fmedia&parent=1169"}],"wp:term":[{"taxonomy":"category","embeddable":true,"href":"https:\/\/lavigilanta.info\/index.php?rest_route=%2Fwp%2Fv2%2Fcategories&post=1169"},{"taxonomy":"post_tag","embeddable":true,"href":"https:\/\/lavigilanta.info\/index.php?rest_route=%2Fwp%2Fv2%2Ftags&post=1169"}],"curies":[{"name":"wp","href":"https:\/\/api.w.org\/{rel}","templated":true}]}}