{"id":1157,"date":"2009-01-08T12:37:08","date_gmt":"2009-01-08T10:37:08","guid":{"rendered":"http:\/\/lavigilanta.info\/wordpress\/?p=1157"},"modified":"2009-01-08T12:40:16","modified_gmt":"2009-01-08T10:40:16","slug":"seminario-del-w3c-sobre-el-futuro-de-las-redes-sociales","status":"publish","type":"post","link":"https:\/\/lavigilanta.info\/?p=1157","title":{"rendered":"Seminario del W3C sobre el futuro de las redes sociales"},"content":{"rendered":"<p>Primero se me leen este post de <a href=\"http:\/\/www.deugarte.com\/redes-sociales-o-redes-de-control-social\">David de Ugarte<\/a>. Vale, ya est\u00e1. Ahora informo que el W3C (organismo independiente que vela por el cumplimiento de est\u00e1ndares en la World Wide Web) ha organizado un seminario sobre el <a href=\"http:\/\/www.w3.org\/2008\/09\/msnws\/cfp.html\">futuro de las redes sociales<\/a>. Se celebrar\u00e1 en junio en la UPC en Barcelona. Uno de los temas a tratar ser\u00e1 (traducci\u00f3n libre): <em>federaci\u00f3n de identidades, privacidad y seguridad &#8211; tecnolog\u00eda escalable e interoperable para comunicar metadatos de manera segura y de modo socialmente responsable dentro de y entre comunidades<\/em>. En este documento podemos leer la <a href=\"http:\/\/www.w3.org\/2008\/09\/msnws\/problem\">justificaci\u00f3n<\/a> para la necesidad de dicho seminario. \u00bfAlguien se apunta a asistir?<\/p>\n","protected":false},"excerpt":{"rendered":"<p>Primero se me leen este post de David de Ugarte. Vale, ya est\u00e1. Ahora informo que el W3C (organismo independiente que vela por el cumplimiento de est\u00e1ndares en la World Wide Web) ha organizado un seminario sobre el futuro de las redes sociales. Se celebrar\u00e1 en junio en la UPC en Barcelona. Uno de los &hellip; <a href=\"https:\/\/lavigilanta.info\/?p=1157\" class=\"more-link\">Seguir leyendo <span class=\"screen-reader-text\">Seminario del W3C sobre el futuro de las redes sociales<\/span> <span class=\"meta-nav\">&rarr;<\/span><\/a><\/p>\n","protected":false},"author":2,"featured_media":0,"comment_status":"open","ping_status":"open","sticky":false,"template":"","format":"standard","meta":[],"categories":[82,102],"tags":[],"_links":{"self":[{"href":"https:\/\/lavigilanta.info\/index.php?rest_route=\/wp\/v2\/posts\/1157"}],"collection":[{"href":"https:\/\/lavigilanta.info\/index.php?rest_route=\/wp\/v2\/posts"}],"about":[{"href":"https:\/\/lavigilanta.info\/index.php?rest_route=\/wp\/v2\/types\/post"}],"author":[{"embeddable":true,"href":"https:\/\/lavigilanta.info\/index.php?rest_route=\/wp\/v2\/users\/2"}],"replies":[{"embeddable":true,"href":"https:\/\/lavigilanta.info\/index.php?rest_route=%2Fwp%2Fv2%2Fcomments&post=1157"}],"version-history":[{"count":3,"href":"https:\/\/lavigilanta.info\/index.php?rest_route=\/wp\/v2\/posts\/1157\/revisions"}],"predecessor-version":[{"id":1160,"href":"https:\/\/lavigilanta.info\/index.php?rest_route=\/wp\/v2\/posts\/1157\/revisions\/1160"}],"wp:attachment":[{"href":"https:\/\/lavigilanta.info\/index.php?rest_route=%2Fwp%2Fv2%2Fmedia&parent=1157"}],"wp:term":[{"taxonomy":"category","embeddable":true,"href":"https:\/\/lavigilanta.info\/index.php?rest_route=%2Fwp%2Fv2%2Fcategories&post=1157"},{"taxonomy":"post_tag","embeddable":true,"href":"https:\/\/lavigilanta.info\/index.php?rest_route=%2Fwp%2Fv2%2Ftags&post=1157"}],"curies":[{"name":"wp","href":"https:\/\/api.w.org\/{rel}","templated":true}]}}